{"id":2707,"date":"2023-03-07T09:53:22","date_gmt":"2023-03-07T07:53:22","guid":{"rendered":"http:\/\/www.athletic-brandao.de\/?p=2707"},"modified":"2023-03-31T10:47:02","modified_gmt":"2023-03-31T08:47:02","slug":"marco-reus-zu-gut-fuers-abstellgleis","status":"publish","type":"post","link":"http:\/\/www.athletic-brandao.de\/?p=2707","title":{"rendered":"Marco Reus &#8211; zu gut f\u00fcrs Abstellgleis"},"content":{"rendered":"<p>Der Umbruch beim BVB macht auch nicht vorm Kapit\u00e4n Halt. Comeback-Kid Marco Reus gibt die beste Antwort und tr\u00e4gt Dortmunds Hoffnungen beim Gastspiel in Chelsea. <a href=\"https:\/\/www.zdf.de\/nachrichten\/sport\/fussball-champions-league-achtelfinale-chelsea-borussia-dortmund-marco-reus-100.html\" rel=\"noopener\" target=\"_blank\">zum Artikel<\/a><\/p>\n","protected":false},"excerpt":{"rendered":"<p>Der Umbruch beim BVB macht auch nicht vorm Kapit\u00e4n Halt. Comeback-Kid Marco Reus gibt die beste Antwort und tr\u00e4gt Dortmunds Hoffnungen beim Gastspiel in Chelsea. zum Artikel<\/p>\n","protected":false},"author":2,"featured_media":0,"comment_status":"open","ping_status":"open","sticky":false,"template":"","format":"standard","meta":{"ngg_post_thumbnail":0,"jetpack_post_was_ever_published":false,"_jetpack_newsletter_access":"","jetpack_publicize_message":"","jetpack_is_tweetstorm":false,"jetpack_publicize_feature_enabled":true,"jetpack_social_post_already_shared":true,"jetpack_social_options":{"image_generator_settings":{"template":"highway","enabled":false}}},"categories":[66,14],"tags":[16,37,248,357,411,40],"jetpack_publicize_connections":[],"jetpack_featured_media_url":"","jetpack_shortlink":"https:\/\/wp.me\/p2zHXD-HF","jetpack_sharing_enabled":true,"jetpack_likes_enabled":true,"_links":{"self":[{"href":"http:\/\/www.athletic-brandao.de\/index.php?rest_route=\/wp\/v2\/posts\/2707"}],"collection":[{"href":"http:\/\/www.athletic-brandao.de\/index.php?rest_route=\/wp\/v2\/posts"}],"about":[{"href":"http:\/\/www.athletic-brandao.de\/index.php?rest_route=\/wp\/v2\/types\/post"}],"author":[{"embeddable":true,"href":"http:\/\/www.athletic-brandao.de\/index.php?rest_route=\/wp\/v2\/users\/2"}],"replies":[{"embeddable":true,"href":"http:\/\/www.athletic-brandao.de\/index.php?rest_route=%2Fwp%2Fv2%2Fcomments&post=2707"}],"version-history":[{"count":1,"href":"http:\/\/www.athletic-brandao.de\/index.php?rest_route=\/wp\/v2\/posts\/2707\/revisions"}],"predecessor-version":[{"id":2708,"href":"http:\/\/www.athletic-brandao.de\/index.php?rest_route=\/wp\/v2\/posts\/2707\/revisions\/2708"}],"wp:attachment":[{"href":"http:\/\/www.athletic-brandao.de\/index.php?rest_route=%2Fwp%2Fv2%2Fmedia&parent=2707"}],"wp:term":[{"taxonomy":"category","embeddable":true,"href":"http:\/\/www.athletic-brandao.de\/index.php?rest_route=%2Fwp%2Fv2%2Fcategories&post=2707"},{"taxonomy":"post_tag","embeddable":true,"href":"http:\/\/www.athletic-brandao.de\/index.php?rest_route=%2Fwp%2Fv2%2Ftags&post=2707"}],"curies":[{"name":"wp","href":"https:\/\/api.w.org\/{rel}","templated":true}]}}