{"id":2717,"date":"2023-04-29T15:17:36","date_gmt":"2023-04-29T13:17:36","guid":{"rendered":"http:\/\/www.athletic-brandao.de\/?p=2717"},"modified":"2023-05-24T10:18:09","modified_gmt":"2023-05-24T08:18:09","slug":"die-bvb-saison-entscheidet-sich-in-augsburg","status":"publish","type":"post","link":"http:\/\/www.athletic-brandao.de\/?p=2717","title":{"rendered":"Die BVB-Saison entscheidet sich in Augsburg"},"content":{"rendered":"<p>Nur ein Punkt beim krassen Au\u00dfenseiter VfL Bochum &#8211; Borussia Dortmunds Ausw\u00e4rtsschw\u00e4che bleibt ein R\u00e4tsel. Sie k\u00f6nnte zum wichtigsten Faktor im Kampf um die Meisterschaft werden. <a href=\"https:\/\/www.spox.com\/de\/sport\/fussball\/bundesliga\/saison2022-2023\/spieltag-30\/vfl-bochum-borussia-dortmund\/nachbericht-vfl-bochum-borussia-dortmund.html\" rel=\"noopener\" target=\"_blank\">zum Artikel<\/a><\/p>\n","protected":false},"excerpt":{"rendered":"<p>Nur ein Punkt beim krassen Au\u00dfenseiter VfL Bochum &#8211; Borussia Dortmunds Ausw\u00e4rtsschw\u00e4che bleibt ein R\u00e4tsel. Sie k\u00f6nnte zum wichtigsten Faktor im Kampf um die Meisterschaft werden. zum Artikel<\/p>\n","protected":false},"author":2,"featured_media":0,"comment_status":"open","ping_status":"open","sticky":false,"template":"","format":"standard","meta":{"ngg_post_thumbnail":0,"jetpack_post_was_ever_published":false,"_jetpack_newsletter_access":"","jetpack_publicize_message":"","jetpack_is_tweetstorm":false,"jetpack_publicize_feature_enabled":true,"jetpack_social_post_already_shared":true,"jetpack_social_options":{"image_generator_settings":{"template":"highway","enabled":false}}},"categories":[27,14],"tags":[16,246,343,195,384],"jetpack_publicize_connections":[],"jetpack_featured_media_url":"","jetpack_shortlink":"https:\/\/wp.me\/p2zHXD-HP","jetpack_sharing_enabled":true,"jetpack_likes_enabled":true,"_links":{"self":[{"href":"http:\/\/www.athletic-brandao.de\/index.php?rest_route=\/wp\/v2\/posts\/2717"}],"collection":[{"href":"http:\/\/www.athletic-brandao.de\/index.php?rest_route=\/wp\/v2\/posts"}],"about":[{"href":"http:\/\/www.athletic-brandao.de\/index.php?rest_route=\/wp\/v2\/types\/post"}],"author":[{"embeddable":true,"href":"http:\/\/www.athletic-brandao.de\/index.php?rest_route=\/wp\/v2\/users\/2"}],"replies":[{"embeddable":true,"href":"http:\/\/www.athletic-brandao.de\/index.php?rest_route=%2Fwp%2Fv2%2Fcomments&post=2717"}],"version-history":[{"count":2,"href":"http:\/\/www.athletic-brandao.de\/index.php?rest_route=\/wp\/v2\/posts\/2717\/revisions"}],"predecessor-version":[{"id":2719,"href":"http:\/\/www.athletic-brandao.de\/index.php?rest_route=\/wp\/v2\/posts\/2717\/revisions\/2719"}],"wp:attachment":[{"href":"http:\/\/www.athletic-brandao.de\/index.php?rest_route=%2Fwp%2Fv2%2Fmedia&parent=2717"}],"wp:term":[{"taxonomy":"category","embeddable":true,"href":"http:\/\/www.athletic-brandao.de\/index.php?rest_route=%2Fwp%2Fv2%2Fcategories&post=2717"},{"taxonomy":"post_tag","embeddable":true,"href":"http:\/\/www.athletic-brandao.de\/index.php?rest_route=%2Fwp%2Fv2%2Ftags&post=2717"}],"curies":[{"name":"wp","href":"https:\/\/api.w.org\/{rel}","templated":true}]}}