{"id":2723,"date":"2023-05-26T10:22:18","date_gmt":"2023-05-26T08:22:18","guid":{"rendered":"http:\/\/www.athletic-brandao.de\/?p=2723"},"modified":"2023-07-23T21:51:16","modified_gmt":"2023-07-23T19:51:16","slug":"teamgeist-fuer-den-traum-vom-titel","status":"publish","type":"post","link":"http:\/\/www.athletic-brandao.de\/?p=2723","title":{"rendered":"Teamgeist f\u00fcr den Traum vom Titel"},"content":{"rendered":"<p>Kapit\u00e4n Marco Reus und Abwehrchef Mats Hummels m\u00fcssen bei Borussia Dortmund um ihre Rollen k\u00e4mpfen. F\u00fcr den Gewinn der Deutschen Meisterschaft stellen die Routiniers ihre Egos zur\u00fcck und ordnen sich unter. <a href=\"https:\/\/www.zdf.de\/nachrichten\/sport\/fussball-bundesliga-borussia-dortmund-reus-hummels-100.html\" rel=\"noopener\" target=\"_blank\">zum Artikel<\/a><\/p>\n","protected":false},"excerpt":{"rendered":"<p>Kapit\u00e4n Marco Reus und Abwehrchef Mats Hummels m\u00fcssen bei Borussia Dortmund um ihre Rollen k\u00e4mpfen. F\u00fcr den Gewinn der Deutschen Meisterschaft stellen die Routiniers ihre Egos zur\u00fcck und ordnen sich unter. zum Artikel<\/p>\n","protected":false},"author":2,"featured_media":0,"comment_status":"open","ping_status":"open","sticky":false,"template":"","format":"standard","meta":{"ngg_post_thumbnail":0,"jetpack_post_was_ever_published":false,"_jetpack_newsletter_access":"","jetpack_publicize_message":"","jetpack_is_tweetstorm":false,"jetpack_publicize_feature_enabled":true,"jetpack_social_post_already_shared":true,"jetpack_social_options":{"image_generator_settings":{"template":"highway","enabled":false}}},"categories":[27,14],"tags":[16,246,37,40,98],"jetpack_publicize_connections":[],"jetpack_featured_media_url":"","jetpack_shortlink":"https:\/\/wp.me\/p2zHXD-HV","jetpack_sharing_enabled":true,"jetpack_likes_enabled":true,"_links":{"self":[{"href":"http:\/\/www.athletic-brandao.de\/index.php?rest_route=\/wp\/v2\/posts\/2723"}],"collection":[{"href":"http:\/\/www.athletic-brandao.de\/index.php?rest_route=\/wp\/v2\/posts"}],"about":[{"href":"http:\/\/www.athletic-brandao.de\/index.php?rest_route=\/wp\/v2\/types\/post"}],"author":[{"embeddable":true,"href":"http:\/\/www.athletic-brandao.de\/index.php?rest_route=\/wp\/v2\/users\/2"}],"replies":[{"embeddable":true,"href":"http:\/\/www.athletic-brandao.de\/index.php?rest_route=%2Fwp%2Fv2%2Fcomments&post=2723"}],"version-history":[{"count":1,"href":"http:\/\/www.athletic-brandao.de\/index.php?rest_route=\/wp\/v2\/posts\/2723\/revisions"}],"predecessor-version":[{"id":2724,"href":"http:\/\/www.athletic-brandao.de\/index.php?rest_route=\/wp\/v2\/posts\/2723\/revisions\/2724"}],"wp:attachment":[{"href":"http:\/\/www.athletic-brandao.de\/index.php?rest_route=%2Fwp%2Fv2%2Fmedia&parent=2723"}],"wp:term":[{"taxonomy":"category","embeddable":true,"href":"http:\/\/www.athletic-brandao.de\/index.php?rest_route=%2Fwp%2Fv2%2Fcategories&post=2723"},{"taxonomy":"post_tag","embeddable":true,"href":"http:\/\/www.athletic-brandao.de\/index.php?rest_route=%2Fwp%2Fv2%2Ftags&post=2723"}],"curies":[{"name":"wp","href":"https:\/\/api.w.org\/{rel}","templated":true}]}}