{"id":2759,"date":"2023-12-13T16:44:46","date_gmt":"2023-12-13T14:44:46","guid":{"rendered":"http:\/\/www.athletic-brandao.de\/?p=2759"},"modified":"2023-12-15T20:37:39","modified_gmt":"2023-12-15T18:37:39","slug":"dortmunds-kick-fuer-die-zukunft","status":"publish","type":"post","link":"http:\/\/www.athletic-brandao.de\/?p=2759","title":{"rendered":"Dortmunds Kick f\u00fcr die Zukunft"},"content":{"rendered":"\n<p>Im letzten Gruppenspiel der K\u00f6nigsklasse geht es gegen Paris Saint-Germain nicht nur um Rang eins und um Revanche. Der BVB schielt schon aufs n\u00e4chste Jahr &#8211; und dar\u00fcber hinaus. <a href=\"https:\/\/www.zdf.de\/nachrichten\/sport\/fussball-champions-league-gruppenfinale-bvb-borussia-dortmund-paris-psg-finanzen-100.html\" target=\"_blank\" rel=\"noreferrer noopener\">zum Artikel<\/a><\/p>\n","protected":false},"excerpt":{"rendered":"<p>Im letzten Gruppenspiel der K\u00f6nigsklasse geht es gegen Paris Saint-Germain nicht nur um Rang eins und um Revanche. Der BVB schielt schon aufs n\u00e4chste Jahr &#8211; und dar\u00fcber hinaus. zum Artikel<\/p>\n","protected":false},"author":2,"featured_media":0,"comment_status":"open","ping_status":"open","sticky":false,"template":"","format":"standard","meta":{"ngg_post_thumbnail":0,"jetpack_post_was_ever_published":false,"_jetpack_newsletter_access":"","jetpack_publicize_message":"","jetpack_is_tweetstorm":false,"jetpack_publicize_feature_enabled":true,"jetpack_social_post_already_shared":true,"jetpack_social_options":{"image_generator_settings":{"template":"highway","enabled":false}}},"categories":[66,14],"tags":[16,37,248,357,418,70,338,339],"jetpack_publicize_connections":[],"jetpack_featured_media_url":"","jetpack_shortlink":"https:\/\/wp.me\/p2zHXD-Iv","jetpack_sharing_enabled":true,"jetpack_likes_enabled":true,"_links":{"self":[{"href":"http:\/\/www.athletic-brandao.de\/index.php?rest_route=\/wp\/v2\/posts\/2759"}],"collection":[{"href":"http:\/\/www.athletic-brandao.de\/index.php?rest_route=\/wp\/v2\/posts"}],"about":[{"href":"http:\/\/www.athletic-brandao.de\/index.php?rest_route=\/wp\/v2\/types\/post"}],"author":[{"embeddable":true,"href":"http:\/\/www.athletic-brandao.de\/index.php?rest_route=\/wp\/v2\/users\/2"}],"replies":[{"embeddable":true,"href":"http:\/\/www.athletic-brandao.de\/index.php?rest_route=%2Fwp%2Fv2%2Fcomments&post=2759"}],"version-history":[{"count":1,"href":"http:\/\/www.athletic-brandao.de\/index.php?rest_route=\/wp\/v2\/posts\/2759\/revisions"}],"predecessor-version":[{"id":2760,"href":"http:\/\/www.athletic-brandao.de\/index.php?rest_route=\/wp\/v2\/posts\/2759\/revisions\/2760"}],"wp:attachment":[{"href":"http:\/\/www.athletic-brandao.de\/index.php?rest_route=%2Fwp%2Fv2%2Fmedia&parent=2759"}],"wp:term":[{"taxonomy":"category","embeddable":true,"href":"http:\/\/www.athletic-brandao.de\/index.php?rest_route=%2Fwp%2Fv2%2Fcategories&post=2759"},{"taxonomy":"post_tag","embeddable":true,"href":"http:\/\/www.athletic-brandao.de\/index.php?rest_route=%2Fwp%2Fv2%2Ftags&post=2759"}],"curies":[{"name":"wp","href":"https:\/\/api.w.org\/{rel}","templated":true}]}}