{"id":2764,"date":"2024-01-04T22:48:24","date_gmt":"2024-01-04T20:48:24","guid":{"rendered":"http:\/\/www.athletic-brandao.de\/?p=2764"},"modified":"2024-01-13T10:23:04","modified_gmt":"2024-01-13T08:23:04","slug":"kronprinz-littler-gehoert-die-zukunft","status":"publish","type":"post","link":"http:\/\/www.athletic-brandao.de\/?p=2764","title":{"rendered":"Kronprinz Littler geh\u00f6rt die Zukunft"},"content":{"rendered":"\n<p>F\u00fcr ein Happy End im Darts-M\u00e4rchen hat es nicht gereicht. Dennoch hat der 16-j\u00e4hrige Engl\u00e4nder Luke Littler nach der Niederlage im WM-Finale das Zeug, seinen Sport zu pr\u00e4gen. <a href=\"https:\/\/www.zdf.de\/nachrichten\/sport\/darts-wm-luke-littler-verliert-finale-100.html\" target=\"_blank\" rel=\"noreferrer noopener\">zum Artikel<\/a><\/p>\n","protected":false},"excerpt":{"rendered":"<p>F\u00fcr ein Happy End im Darts-M\u00e4rchen hat es nicht gereicht. Dennoch hat der 16-j\u00e4hrige Engl\u00e4nder Luke Littler nach der Niederlage im WM-Finale das Zeug, seinen Sport zu pr\u00e4gen. zum Artikel<\/p>\n","protected":false},"author":2,"featured_media":0,"comment_status":"open","ping_status":"open","sticky":false,"template":"","format":"standard","meta":{"ngg_post_thumbnail":0,"jetpack_post_was_ever_published":false,"_jetpack_newsletter_access":"","jetpack_publicize_message":"","jetpack_is_tweetstorm":false,"jetpack_publicize_feature_enabled":true,"jetpack_social_post_already_shared":true,"jetpack_social_options":{"image_generator_settings":{"template":"highway","enabled":false}}},"categories":[238,14],"tags":[241,401,398,239,422,421,242,423],"jetpack_publicize_connections":[],"jetpack_featured_media_url":"","jetpack_shortlink":"https:\/\/wp.me\/p2zHXD-IA","jetpack_sharing_enabled":true,"jetpack_likes_enabled":true,"_links":{"self":[{"href":"http:\/\/www.athletic-brandao.de\/index.php?rest_route=\/wp\/v2\/posts\/2764"}],"collection":[{"href":"http:\/\/www.athletic-brandao.de\/index.php?rest_route=\/wp\/v2\/posts"}],"about":[{"href":"http:\/\/www.athletic-brandao.de\/index.php?rest_route=\/wp\/v2\/types\/post"}],"author":[{"embeddable":true,"href":"http:\/\/www.athletic-brandao.de\/index.php?rest_route=\/wp\/v2\/users\/2"}],"replies":[{"embeddable":true,"href":"http:\/\/www.athletic-brandao.de\/index.php?rest_route=%2Fwp%2Fv2%2Fcomments&post=2764"}],"version-history":[{"count":1,"href":"http:\/\/www.athletic-brandao.de\/index.php?rest_route=\/wp\/v2\/posts\/2764\/revisions"}],"predecessor-version":[{"id":2765,"href":"http:\/\/www.athletic-brandao.de\/index.php?rest_route=\/wp\/v2\/posts\/2764\/revisions\/2765"}],"wp:attachment":[{"href":"http:\/\/www.athletic-brandao.de\/index.php?rest_route=%2Fwp%2Fv2%2Fmedia&parent=2764"}],"wp:term":[{"taxonomy":"category","embeddable":true,"href":"http:\/\/www.athletic-brandao.de\/index.php?rest_route=%2Fwp%2Fv2%2Fcategories&post=2764"},{"taxonomy":"post_tag","embeddable":true,"href":"http:\/\/www.athletic-brandao.de\/index.php?rest_route=%2Fwp%2Fv2%2Ftags&post=2764"}],"curies":[{"name":"wp","href":"https:\/\/api.w.org\/{rel}","templated":true}]}}