{"id":282,"date":"2012-07-24T14:51:23","date_gmt":"2012-07-24T12:51:23","guid":{"rendered":"http:\/\/www.athletic-brandao.de\/?p=282"},"modified":"2012-07-24T14:51:23","modified_gmt":"2012-07-24T12:51:23","slug":"kuba-bleibt-der-borussia-treu","status":"publish","type":"post","link":"http:\/\/www.athletic-brandao.de\/?p=282","title":{"rendered":"Kuba bleibt der Borussia treu"},"content":{"rendered":"<p>Borussia Dortmund treibt die Personalplanungen weiter voran. Nun hat auch Offensiv-Wirbler Jakub Blaszczykowski seinen Vertrag verl\u00e4ngert, einer der gro\u00dfen Helden der Doublesieger-Saison. Polens Kapit\u00e4n hat mit dem BVB gro\u00dfe Ziele.<!--more--><\/p>\n<p>Zuletzt hatte sich Dortmunds Meisterspieler ein bisschen geziert und auf seiner Homepage sogar eine Liste interessierter Gro\u00dfklubs aus ganz Europa ver\u00f6ffentlicht. Doch nun ging bei den Verhandlungen \u00fcber einen neuen Vertrag f\u00fcr Jakub Blaszczykowski alles blitzschnell und v\u00f6llig reibungslos. \u201eWir freuen uns, mit Kuba bis zum 30.6.2016 verl\u00e4ngert zu haben\u201c, verk\u00fcndete Michael Zorc im Teamquartier des Doublesiegers in Bad Ragaz in der Ostschweiz, nur drei Tage nach der R\u00fcckkehr des polnischen Kapit\u00e4ns aus dem EM-Urlaub. Angesichts der guten Nachricht f\u00fcr alle BVB-Fans hatte sich der Sportdirektor den Mittelfeldspieler kurzerhand geschnappt und eine Pressekonferenz gekapert, die eigentlich f\u00fcr den Teamkollegen Ilkay G\u00fcndogan gedacht war.<\/p>\n<p><strong>Auf G\u00f6tzes Position gegl\u00e4nzt<\/strong><br \/>\n\u201eIch bin sehr, sehr gl\u00fccklich, dass ich beim BVB bleiben kann. Die vergangenen zwei Jahre waren einfach toll, und wir haben mit der Borussia gro\u00dfe Ziele\u201c, sagte Mittelfeldspieler Blaszczykowski, der vor mittlerweile f\u00fcnf Jahren von Wisla Krakau zu den Westfalen gewechselt war. \u201eEr ist vielleicht noch kein Urgestein, aber Kuba tr\u00e4gt das BVB-Emblem im Herzen\u201c, lobte Zorc. In der R\u00fcckrunde der vergangenen Saison hatte der 26-J\u00e4hrige endlich den Durchbruch bei den Schwarz-Gelben geschafft. Mit beeindruckenden Leistungen auf der rechten offensiven Seite hatte der kleine Figo, wie er fr\u00fcher in Polen genannt wurde, den verletzten Shooting-Star Mario G\u00f6tze wirkungsvoll ersetzt und gro\u00dfen Anteil am Gewinn des Dortmunder Doubles.<\/p>\n<p><strong>Die K\u00f6nigsklasse schafft M\u00f6glichkeiten<\/strong><br \/>\nDen harten Kampf um einen Platz im Dortmunder Mittelfeld, wo sich nach G\u00f6tzes Comeback und der zus\u00e4tzlichen Verpflichtung von Marco Reus unz\u00e4hlige Hochkar\u00e4ter tummeln, nimmt Blaszczykowski gerne an. \u201eEs ist normal, dass es bei einem Klub wie Borussia Dortmund viel Konkurrenz gibt. Der BVB hat gro\u00dfe Ziele\u201c, so Kuba, der explizit ein besseres Abschneiden in der Champions League nannte. Durch die Teilnahme an der kraftraubenden K\u00f6nigsklasse d\u00fcrfte sich beim BVB automatisch erh\u00f6hter Rotationsbedarf ergeben, so dass sich viele Mittelfeldakteure Hoffnungen auf Eins\u00e4tze machen d\u00fcrfen.<\/p>\n<p>Mit der Vertragsverl\u00e4ngerung von Blaszczykowski macht der Deutsche Meister auch weiter N\u00e4gel mit K\u00f6pfen in Sachen Zukunftsplanung. Mit fast allen Leistungstr\u00e4ger kann der BVB inzwischen langfristig planen.<\/p>\n","protected":false},"excerpt":{"rendered":"<p>Borussia Dortmund treibt die Personalplanungen weiter voran. Nun hat auch Offensiv-Wirbler Jakub Blaszczykowski seinen Vertrag verl\u00e4ngert, einer der gro\u00dfen Helden der Doublesieger-Saison. Polens Kapit\u00e4n hat mit dem BVB gro\u00dfe Ziele.<\/p>\n","protected":false},"author":2,"featured_media":288,"comment_status":"open","ping_status":"open","sticky":false,"template":"","format":"standard","meta":{"ngg_post_thumbnail":0,"jetpack_post_was_ever_published":false,"_jetpack_newsletter_access":"","jetpack_publicize_message":"","jetpack_is_tweetstorm":false,"jetpack_publicize_feature_enabled":true,"jetpack_social_post_already_shared":false,"jetpack_social_options":{"image_generator_settings":{"template":"highway","enabled":false}}},"categories":[27,14],"tags":[16,37,41,42],"jetpack_publicize_connections":[],"jetpack_featured_media_url":"https:\/\/i0.wp.com\/www.athletic-brandao.de\/wp-content\/uploads\/2012\/07\/kuba.jpg?fit=600%2C450","jetpack_shortlink":"https:\/\/wp.me\/p2zHXD-4y","jetpack_sharing_enabled":true,"jetpack_likes_enabled":true,"_links":{"self":[{"href":"http:\/\/www.athletic-brandao.de\/index.php?rest_route=\/wp\/v2\/posts\/282"}],"collection":[{"href":"http:\/\/www.athletic-brandao.de\/index.php?rest_route=\/wp\/v2\/posts"}],"about":[{"href":"http:\/\/www.athletic-brandao.de\/index.php?rest_route=\/wp\/v2\/types\/post"}],"author":[{"embeddable":true,"href":"http:\/\/www.athletic-brandao.de\/index.php?rest_route=\/wp\/v2\/users\/2"}],"replies":[{"embeddable":true,"href":"http:\/\/www.athletic-brandao.de\/index.php?rest_route=%2Fwp%2Fv2%2Fcomments&post=282"}],"version-history":[{"count":8,"href":"http:\/\/www.athletic-brandao.de\/index.php?rest_route=\/wp\/v2\/posts\/282\/revisions"}],"predecessor-version":[{"id":291,"href":"http:\/\/www.athletic-brandao.de\/index.php?rest_route=\/wp\/v2\/posts\/282\/revisions\/291"}],"wp:featuredmedia":[{"embeddable":true,"href":"http:\/\/www.athletic-brandao.de\/index.php?rest_route=\/wp\/v2\/media\/288"}],"wp:attachment":[{"href":"http:\/\/www.athletic-brandao.de\/index.php?rest_route=%2Fwp%2Fv2%2Fmedia&parent=282"}],"wp:term":[{"taxonomy":"category","embeddable":true,"href":"http:\/\/www.athletic-brandao.de\/index.php?rest_route=%2Fwp%2Fv2%2Fcategories&post=282"},{"taxonomy":"post_tag","embeddable":true,"href":"http:\/\/www.athletic-brandao.de\/index.php?rest_route=%2Fwp%2Fv2%2Ftags&post=282"}],"curies":[{"name":"wp","href":"https:\/\/api.w.org\/{rel}","templated":true}]}}