{"id":2823,"date":"2024-08-26T21:18:19","date_gmt":"2024-08-26T19:18:19","guid":{"rendered":"http:\/\/www.athletic-brandao.de\/?p=2823"},"modified":"2024-09-19T12:19:56","modified_gmt":"2024-09-19T10:19:56","slug":"ohne-anlauf-zum-seniorchef","status":"publish","type":"post","link":"http:\/\/www.athletic-brandao.de\/?p=2823","title":{"rendered":"Ohne Anlauf zum Seniorchef"},"content":{"rendered":"\n<p>Takt- und Vorlagengeber: Pascal Gro\u00df gelingt ein \u00e4u\u00dferst viel versprechender Start bei Borussia Dortmund. Der lange Zeit untersch\u00e4tzte Routinier k\u00f6nnte beim BVB seine Bestimmung finden. <a href=\"https:\/\/www.mannheimer-morgen.de\/sport_artikel,-sport-der-mannheimer-pascal-gross-in-dortmund-ohne-anlauf-zum-seniorchef-_arid,2236976.html?&amp;npg\" target=\"_blank\" rel=\"noreferrer noopener\">zum Artikel<\/a><\/p>\n","protected":false},"excerpt":{"rendered":"<p>Takt- und Vorlagengeber: Pascal Gro\u00df gelingt ein \u00e4u\u00dferst viel versprechender Start bei Borussia Dortmund. Der lange Zeit untersch\u00e4tzte Routinier k\u00f6nnte beim BVB seine Bestimmung finden. zum Artikel<\/p>\n","protected":false},"author":2,"featured_media":0,"comment_status":"open","ping_status":"open","sticky":false,"template":"","format":"standard","meta":{"ngg_post_thumbnail":0,"jetpack_post_was_ever_published":false,"_jetpack_newsletter_access":"","jetpack_publicize_message":"","jetpack_is_tweetstorm":false,"jetpack_publicize_feature_enabled":true,"jetpack_social_post_already_shared":true,"jetpack_social_options":{"image_generator_settings":{"template":"highway","enabled":false}}},"categories":[27,14],"tags":[16,246,37,174,175,461],"jetpack_publicize_connections":[],"jetpack_featured_media_url":"","jetpack_shortlink":"https:\/\/wp.me\/p2zHXD-Jx","jetpack_sharing_enabled":true,"jetpack_likes_enabled":true,"_links":{"self":[{"href":"http:\/\/www.athletic-brandao.de\/index.php?rest_route=\/wp\/v2\/posts\/2823"}],"collection":[{"href":"http:\/\/www.athletic-brandao.de\/index.php?rest_route=\/wp\/v2\/posts"}],"about":[{"href":"http:\/\/www.athletic-brandao.de\/index.php?rest_route=\/wp\/v2\/types\/post"}],"author":[{"embeddable":true,"href":"http:\/\/www.athletic-brandao.de\/index.php?rest_route=\/wp\/v2\/users\/2"}],"replies":[{"embeddable":true,"href":"http:\/\/www.athletic-brandao.de\/index.php?rest_route=%2Fwp%2Fv2%2Fcomments&post=2823"}],"version-history":[{"count":1,"href":"http:\/\/www.athletic-brandao.de\/index.php?rest_route=\/wp\/v2\/posts\/2823\/revisions"}],"predecessor-version":[{"id":2824,"href":"http:\/\/www.athletic-brandao.de\/index.php?rest_route=\/wp\/v2\/posts\/2823\/revisions\/2824"}],"wp:attachment":[{"href":"http:\/\/www.athletic-brandao.de\/index.php?rest_route=%2Fwp%2Fv2%2Fmedia&parent=2823"}],"wp:term":[{"taxonomy":"category","embeddable":true,"href":"http:\/\/www.athletic-brandao.de\/index.php?rest_route=%2Fwp%2Fv2%2Fcategories&post=2823"},{"taxonomy":"post_tag","embeddable":true,"href":"http:\/\/www.athletic-brandao.de\/index.php?rest_route=%2Fwp%2Fv2%2Ftags&post=2823"}],"curies":[{"name":"wp","href":"https:\/\/api.w.org\/{rel}","templated":true}]}}