{"id":2840,"date":"2024-10-29T11:19:01","date_gmt":"2024-10-29T09:19:01","guid":{"rendered":"http:\/\/www.athletic-brandao.de\/?p=2840"},"modified":"2024-11-02T12:18:14","modified_gmt":"2024-11-02T10:18:14","slug":"bvb-die-krise-als-chance","status":"publish","type":"post","link":"http:\/\/www.athletic-brandao.de\/?p=2840","title":{"rendered":"BVB: die Krise als Chance begreifen"},"content":{"rendered":"\n<p>Schl\u00e4gt bei Borussia Dortmund die Stunde der Youngster? Nicht nur die vielen Ausf\u00e4lle sprechen daf\u00fcr, dass der BVB schon im Pokalspiel in Wolfsburg eine Frischzellenkur bekommt. <a href=\"https:\/\/www.zdf.de\/nachrichten\/sport\/borussia-dortmund-bvb-youngster-dfb-pokal-vfl-wolfsburg-100.html\" target=\"_blank\" rel=\"noreferrer noopener\">zum Artikel<\/a><\/p>\n","protected":false},"excerpt":{"rendered":"<p>Schl\u00e4gt bei Borussia Dortmund die Stunde der Youngster? Nicht nur die vielen Ausf\u00e4lle sprechen daf\u00fcr, dass der BVB schon im Pokalspiel in Wolfsburg eine Frischzellenkur bekommt. zum Artikel<\/p>\n","protected":false},"author":2,"featured_media":0,"comment_status":"open","ping_status":"open","sticky":false,"template":"","format":"standard","meta":{"ngg_post_thumbnail":0,"jetpack_post_was_ever_published":false,"_jetpack_newsletter_access":"","jetpack_publicize_message":"","jetpack_is_tweetstorm":false,"jetpack_publicize_feature_enabled":true,"jetpack_social_post_already_shared":true,"jetpack_social_options":{"image_generator_settings":{"template":"highway","enabled":false}}},"categories":[138,14],"tags":[469,16,37,471,249,473,470,175,78,472],"jetpack_publicize_connections":[],"jetpack_featured_media_url":"","jetpack_shortlink":"https:\/\/wp.me\/p2zHXD-JO","jetpack_sharing_enabled":true,"jetpack_likes_enabled":true,"_links":{"self":[{"href":"http:\/\/www.athletic-brandao.de\/index.php?rest_route=\/wp\/v2\/posts\/2840"}],"collection":[{"href":"http:\/\/www.athletic-brandao.de\/index.php?rest_route=\/wp\/v2\/posts"}],"about":[{"href":"http:\/\/www.athletic-brandao.de\/index.php?rest_route=\/wp\/v2\/types\/post"}],"author":[{"embeddable":true,"href":"http:\/\/www.athletic-brandao.de\/index.php?rest_route=\/wp\/v2\/users\/2"}],"replies":[{"embeddable":true,"href":"http:\/\/www.athletic-brandao.de\/index.php?rest_route=%2Fwp%2Fv2%2Fcomments&post=2840"}],"version-history":[{"count":2,"href":"http:\/\/www.athletic-brandao.de\/index.php?rest_route=\/wp\/v2\/posts\/2840\/revisions"}],"predecessor-version":[{"id":2842,"href":"http:\/\/www.athletic-brandao.de\/index.php?rest_route=\/wp\/v2\/posts\/2840\/revisions\/2842"}],"wp:attachment":[{"href":"http:\/\/www.athletic-brandao.de\/index.php?rest_route=%2Fwp%2Fv2%2Fmedia&parent=2840"}],"wp:term":[{"taxonomy":"category","embeddable":true,"href":"http:\/\/www.athletic-brandao.de\/index.php?rest_route=%2Fwp%2Fv2%2Fcategories&post=2840"},{"taxonomy":"post_tag","embeddable":true,"href":"http:\/\/www.athletic-brandao.de\/index.php?rest_route=%2Fwp%2Fv2%2Ftags&post=2840"}],"curies":[{"name":"wp","href":"https:\/\/api.w.org\/{rel}","templated":true}]}}