{"id":2856,"date":"2024-11-28T12:25:46","date_gmt":"2024-11-28T10:25:46","guid":{"rendered":"http:\/\/www.athletic-brandao.de\/?p=2856"},"modified":"2025-04-13T18:24:49","modified_gmt":"2025-04-13T16:24:49","slug":"dortmunds-krake-im-mittelfeld","status":"publish","type":"post","link":"http:\/\/www.athletic-brandao.de\/?p=2856","title":{"rendered":"Dortmunds Krake im Mittelfeld"},"content":{"rendered":"\n<p>Vom Transferflop zum Hoffnungstr\u00e4ger. Abr\u00e4umer Felix Nmecha k\u00f6nnte im Champions-League-Spiel bei Dinamo Zagreb entscheidend dazu beitragen, eine schwarze BVB-Serie zu stoppen. <a href=\"https:\/\/www.zdf.de\/nachrichten\/sport\/fussball-champions-league-bvb-zagreb-nmecha-100.html?at_medium=Social%20Media&amp;at_campaign=ZDFheuteApp&amp;at_specific=ZDFheute&amp;at_content=iOS\" target=\"_blank\" rel=\"noreferrer noopener\">zum Artikel<\/a><\/p>\n","protected":false},"excerpt":{"rendered":"<p>Vom Transferflop zum Hoffnungstr\u00e4ger. Abr\u00e4umer Felix Nmecha k\u00f6nnte im Champions-League-Spiel bei Dinamo Zagreb entscheidend dazu beitragen, eine schwarze BVB-Serie zu stoppen. zum Artikel<\/p>\n","protected":false},"author":2,"featured_media":0,"comment_status":"open","ping_status":"open","sticky":false,"template":"","format":"standard","meta":{"ngg_post_thumbnail":0,"jetpack_post_was_ever_published":false,"_jetpack_newsletter_access":"","jetpack_publicize_message":"","jetpack_is_tweetstorm":false,"jetpack_publicize_feature_enabled":true,"jetpack_social_post_already_shared":true,"jetpack_social_options":{"image_generator_settings":{"template":"highway","enabled":false}}},"categories":[66,14],"tags":[16,37,248,483,482,70,175,195],"jetpack_publicize_connections":[],"jetpack_featured_media_url":"","jetpack_shortlink":"https:\/\/wp.me\/p2zHXD-K4","jetpack_sharing_enabled":true,"jetpack_likes_enabled":true,"_links":{"self":[{"href":"http:\/\/www.athletic-brandao.de\/index.php?rest_route=\/wp\/v2\/posts\/2856"}],"collection":[{"href":"http:\/\/www.athletic-brandao.de\/index.php?rest_route=\/wp\/v2\/posts"}],"about":[{"href":"http:\/\/www.athletic-brandao.de\/index.php?rest_route=\/wp\/v2\/types\/post"}],"author":[{"embeddable":true,"href":"http:\/\/www.athletic-brandao.de\/index.php?rest_route=\/wp\/v2\/users\/2"}],"replies":[{"embeddable":true,"href":"http:\/\/www.athletic-brandao.de\/index.php?rest_route=%2Fwp%2Fv2%2Fcomments&post=2856"}],"version-history":[{"count":1,"href":"http:\/\/www.athletic-brandao.de\/index.php?rest_route=\/wp\/v2\/posts\/2856\/revisions"}],"predecessor-version":[{"id":2857,"href":"http:\/\/www.athletic-brandao.de\/index.php?rest_route=\/wp\/v2\/posts\/2856\/revisions\/2857"}],"wp:attachment":[{"href":"http:\/\/www.athletic-brandao.de\/index.php?rest_route=%2Fwp%2Fv2%2Fmedia&parent=2856"}],"wp:term":[{"taxonomy":"category","embeddable":true,"href":"http:\/\/www.athletic-brandao.de\/index.php?rest_route=%2Fwp%2Fv2%2Fcategories&post=2856"},{"taxonomy":"post_tag","embeddable":true,"href":"http:\/\/www.athletic-brandao.de\/index.php?rest_route=%2Fwp%2Fv2%2Ftags&post=2856"}],"curies":[{"name":"wp","href":"https:\/\/api.w.org\/{rel}","templated":true}]}}