{"id":2911,"date":"2025-04-09T08:49:10","date_gmt":"2025-04-09T06:49:10","guid":{"rendered":"http:\/\/www.athletic-brandao.de\/?p=2911"},"modified":"2025-04-13T18:25:06","modified_gmt":"2025-04-13T16:25:06","slug":"die-bvb-truempfe-im-saisonendspurt","status":"publish","type":"post","link":"http:\/\/www.athletic-brandao.de\/?p=2911","title":{"rendered":"Dortmunds Tr\u00fcmpfe im Saisonendspurt"},"content":{"rendered":"\n<p>Der Schlotterbeck-Schock sitzt tief beim BVB. Daf\u00fcr keimt im Mittelfeld neue Hoffnung. Vorm ersten Viertelfinal-Kracher in der Champions League beim FC Barcelona sorgen zwei fr\u00fchere Problemf\u00e4lle f\u00fcr Lichtblicke. <a rel=\"noreferrer noopener\" href=\"https:\/\/www.zdf.de\/nachrichten\/sport\/carney-chukwuemeka-felix-nmecha-fc-barcelona-borussia-dortmund-viertelfinal-hinspiel-champions-league-100.html\" target=\"_blank\">zum Artikel<\/a><\/p>\n","protected":false},"excerpt":{"rendered":"<p>Der Schlotterbeck-Schock sitzt tief beim BVB. Daf\u00fcr keimt im Mittelfeld neue Hoffnung. Vorm ersten Viertelfinal-Kracher in der Champions League beim FC Barcelona sorgen zwei fr\u00fchere Problemf\u00e4lle f\u00fcr Lichtblicke. zum Artikel<\/p>\n","protected":false},"author":2,"featured_media":0,"comment_status":"open","ping_status":"open","sticky":false,"template":"","format":"standard","meta":{"ngg_post_thumbnail":0,"jetpack_post_was_ever_published":false,"_jetpack_newsletter_access":"","jetpack_publicize_message":"","jetpack_is_tweetstorm":false,"jetpack_publicize_feature_enabled":true,"jetpack_social_post_already_shared":true,"jetpack_social_options":{"image_generator_settings":{"template":"highway","enabled":false}}},"categories":[66,14],"tags":[491,16,37,504,248,327,482,70,500],"jetpack_publicize_connections":[],"jetpack_featured_media_url":"","jetpack_shortlink":"https:\/\/wp.me\/p2zHXD-KX","jetpack_sharing_enabled":true,"jetpack_likes_enabled":true,"_links":{"self":[{"href":"http:\/\/www.athletic-brandao.de\/index.php?rest_route=\/wp\/v2\/posts\/2911"}],"collection":[{"href":"http:\/\/www.athletic-brandao.de\/index.php?rest_route=\/wp\/v2\/posts"}],"about":[{"href":"http:\/\/www.athletic-brandao.de\/index.php?rest_route=\/wp\/v2\/types\/post"}],"author":[{"embeddable":true,"href":"http:\/\/www.athletic-brandao.de\/index.php?rest_route=\/wp\/v2\/users\/2"}],"replies":[{"embeddable":true,"href":"http:\/\/www.athletic-brandao.de\/index.php?rest_route=%2Fwp%2Fv2%2Fcomments&post=2911"}],"version-history":[{"count":2,"href":"http:\/\/www.athletic-brandao.de\/index.php?rest_route=\/wp\/v2\/posts\/2911\/revisions"}],"predecessor-version":[{"id":2914,"href":"http:\/\/www.athletic-brandao.de\/index.php?rest_route=\/wp\/v2\/posts\/2911\/revisions\/2914"}],"wp:attachment":[{"href":"http:\/\/www.athletic-brandao.de\/index.php?rest_route=%2Fwp%2Fv2%2Fmedia&parent=2911"}],"wp:term":[{"taxonomy":"category","embeddable":true,"href":"http:\/\/www.athletic-brandao.de\/index.php?rest_route=%2Fwp%2Fv2%2Fcategories&post=2911"},{"taxonomy":"post_tag","embeddable":true,"href":"http:\/\/www.athletic-brandao.de\/index.php?rest_route=%2Fwp%2Fv2%2Ftags&post=2911"}],"curies":[{"name":"wp","href":"https:\/\/api.w.org\/{rel}","templated":true}]}}