{"id":2947,"date":"2025-10-18T10:44:05","date_gmt":"2025-10-18T08:44:05","guid":{"rendered":"http:\/\/www.athletic-brandao.de\/?p=2947"},"modified":"2025-10-18T10:45:47","modified_gmt":"2025-10-18T08:45:47","slug":"endlich-erwachsen-adeyemi-im-aufwind","status":"publish","type":"post","link":"http:\/\/www.athletic-brandao.de\/?p=2947","title":{"rendered":"Adeyemi im Aufwind"},"content":{"rendered":"\n<p>Dortmunds Fl\u00fcgelflitzer ist so gut in die Saison gestartet wie nie. Im Showdown beim Spitzenreiter FC Bayern k\u00f6nnte Karim Adeyemi f\u00fcr die Borussia zum X-Faktor werden. <a rel=\"noreferrer noopener\" href=\"https:\/\/www.zdfheute.de\/sport\/bundesliga-bvb-bayern-adeyemi-100.html?at_medium=Social%20Media&amp;at_campaign=ZDFheuteApp&amp;at_specific=ZDFheute&amp;at_content=iOS\" target=\"_blank\">zum Artikel<\/a><\/p>\n","protected":false},"excerpt":{"rendered":"<p>Dortmunds Fl\u00fcgelflitzer ist so gut in die Saison gestartet wie nie. Im Showdown beim Spitzenreiter FC Bayern k\u00f6nnte Karim Adeyemi f\u00fcr die Borussia zum X-Faktor werden. zum Artikel<\/p>\n","protected":false},"author":2,"featured_media":0,"comment_status":"open","ping_status":"open","sticky":false,"template":"","format":"standard","meta":{"ngg_post_thumbnail":0,"jetpack_post_was_ever_published":false,"_jetpack_newsletter_access":"","jetpack_publicize_message":"","jetpack_is_tweetstorm":false,"jetpack_publicize_feature_enabled":true,"jetpack_social_post_already_shared":true,"jetpack_social_options":{"image_generator_settings":{"template":"highway","enabled":false}}},"categories":[27],"tags":[16,246,37,48,433,500],"jetpack_publicize_connections":[],"jetpack_featured_media_url":"","jetpack_shortlink":"https:\/\/wp.me\/p2zHXD-Lx","jetpack_sharing_enabled":true,"jetpack_likes_enabled":true,"_links":{"self":[{"href":"http:\/\/www.athletic-brandao.de\/index.php?rest_route=\/wp\/v2\/posts\/2947"}],"collection":[{"href":"http:\/\/www.athletic-brandao.de\/index.php?rest_route=\/wp\/v2\/posts"}],"about":[{"href":"http:\/\/www.athletic-brandao.de\/index.php?rest_route=\/wp\/v2\/types\/post"}],"author":[{"embeddable":true,"href":"http:\/\/www.athletic-brandao.de\/index.php?rest_route=\/wp\/v2\/users\/2"}],"replies":[{"embeddable":true,"href":"http:\/\/www.athletic-brandao.de\/index.php?rest_route=%2Fwp%2Fv2%2Fcomments&post=2947"}],"version-history":[{"count":2,"href":"http:\/\/www.athletic-brandao.de\/index.php?rest_route=\/wp\/v2\/posts\/2947\/revisions"}],"predecessor-version":[{"id":2949,"href":"http:\/\/www.athletic-brandao.de\/index.php?rest_route=\/wp\/v2\/posts\/2947\/revisions\/2949"}],"wp:attachment":[{"href":"http:\/\/www.athletic-brandao.de\/index.php?rest_route=%2Fwp%2Fv2%2Fmedia&parent=2947"}],"wp:term":[{"taxonomy":"category","embeddable":true,"href":"http:\/\/www.athletic-brandao.de\/index.php?rest_route=%2Fwp%2Fv2%2Fcategories&post=2947"},{"taxonomy":"post_tag","embeddable":true,"href":"http:\/\/www.athletic-brandao.de\/index.php?rest_route=%2Fwp%2Fv2%2Ftags&post=2947"}],"curies":[{"name":"wp","href":"https:\/\/api.w.org\/{rel}","templated":true}]}}