{"id":323,"date":"2012-07-27T10:30:25","date_gmt":"2012-07-27T08:30:25","guid":{"rendered":"http:\/\/www.athletic-brandao.de\/?p=323"},"modified":"2012-08-13T11:14:29","modified_gmt":"2012-08-13T09:14:29","slug":"dortmund-und-das-grose-gotze-ratsel","status":"publish","type":"post","link":"http:\/\/www.athletic-brandao.de\/?p=323","title":{"rendered":"Dortmund und das gro\u00dfe G\u00f6tze-R\u00e4tsel"},"content":{"rendered":"<p>Was wird blo\u00df aus Borussia Dortmunds fr\u00fcherem Darling? Mittelfeldspieler Mario G\u00f6tze steht vor der wohl wichtigsten Saison seiner Karriere.<!--more--><\/p>\n<p>Mario G\u00f6tze krempelt im Trainingslager kr\u00e4ftig die \u00c4rmel hoch. Genau das will Double-Sieger Borussia Dortmund nach dem wohl schwierigsten Halbjahr seiner Karriere sehen. Aber vielleicht nimmt G\u00f6tze das auch allzu w\u00f6rtlich: In der Hitze des Ri-Au-Sportplatzes in Bad Ragaz ist der knackig braune BVB-Star alle drei\u00dfig Sekunden damit besch\u00e4ftigt, seine inzwischen imposanten Oberarme f\u00fcr weitere UV-Bestrahlung freizulegen. Die beiden Armkettchen an den Handgelenken schimmern dabei in der Sonne &#8211; auch bei den schwei\u00dftreibenden Einheiten tr\u00e4gt er Schmuck.<\/p>\n<p>W\u00e4hrend die Teamkollegen konzentriert jedem Ball hinterher jagen und sich &#8211; f\u00fcr den Moment jedenfalls &#8211; nicht f\u00fcr Modefragen interessieren, scheint Dortmunds fr\u00fcheres Darling ein wenig mit sich selbst besch\u00e4ftigt. Ausgerechnet jetzt. Denn der 20-J\u00e4hrige steht vermutlich vor einem definierenden Moment seiner Karriere.<\/p>\n<p><strong>Klopp: &#8220;Wollen sein Potenzial wieder zum Vorschein bringen&#8221;<\/strong><br \/>\nNoch vor wenigen Monaten sah es so aus, als ruhe das Schicksal des BVB einzig und allein auf den damals noch etwas schmaleren Schultern seines Shooting-Stars. \u00dcberragend, was G\u00f6tze im Jahr der ersten Meisterschaft unter Trainer Klopp geleistet hatte. Weltklasse, wie der Youngster bis ins Nationalteam vorpreschte und schlie\u00dflich bei der Gala gegen Brasilien ein Millionenpublikum verzauberte. Europas Topklubs standen Schlange, Arsenal London lockte angeblich mit einer Abl\u00f6sesumme von 40 Millionen Euro. Ein Sportartikelhersteller \u00fcbersch\u00fcttete den J\u00fcngling mit Geld und lie\u00df ihn in Werbespots an der Seite von Weltstars wie Cristiano Ronaldo auftreten.<\/p>\n<p>Und nun: Real, Barcelona, ManUnited &#8211; G\u00f6tzes nat\u00fcrliche B\u00fchne erscheint zwischenzeitlich so weit weg wie das Ri-Au-Stadion vom Camp Nou. &#8220;Wir wollen sein gro\u00dfes Potenzial wieder zum Vorschein bringen&#8221;, sagt Trainer J\u00fcrgen Klopp ungewohnt defensiv. Alle Kn\u00f6pfe stehen auf Reset beim deutschen Jahrhunderttalent.<\/p>\n<p><strong>Ersatzmann Blaszczykowski l\u00e4uft ihm den Rang ab<\/strong><br \/>\n&#8220;Die letzten Wochen m\u00fcssen f\u00fcr ihn zum Verzweifeln gewesen sein&#8221;, sagt Mittelfeldspieler Ilkay G\u00fcndogan. Der Fu\u00dfballgesch\u00e4ft wartet nicht auf fr\u00fchere Helden &#8211; diese bittere Erfahrung macht G\u00f6tze gerade zum allerersten Mal in seiner Laufbahn. Als der BVB-Star Anfang 2012 mit einer Schambeinverletzung ausfiel, erst f\u00fcr einige Wochen, wie es zun\u00e4chst hie\u00df, dann sogar f\u00fcr Monate, brach der Titelverteidiger nicht etwa ein, sondern setzte mit Ersatzmann Jakub Blaszczykowski noch glanzvoller den Weg Richtung Doublesieg fort.<\/p>\n<p>Im Saisonfinale bekam G\u00f6tze einige Kurzeins\u00e4tze geschenkt, aber bei der EM war das gr\u00f6\u00dfte Talent des deutschen Fu\u00dfballs &#8211; obwohl wieder fit &#8211; bis auf zehn Minuten v\u00f6llig abgemeldet. Selbst in der Stunde der gr\u00f6\u00dften DFB-Not beim Halbfinal-Aus gegen Italien. So muss sich G\u00f6tze vor der Saison 2012\/2013 mit so profanen Dingen rumschlagen wie der R\u00fcckeroberung seines Stammplatzes. Im Trainingslager in der Schweiz hei\u00dft das: Gas geben, angreifen.<\/p>\n<p><strong>Auch Reus stellt Anspr\u00fcche auf einen Stammplatz<\/strong><br \/>\nTalent allein ist keine harte W\u00e4hrung im Profifu\u00dfball. \u00d6fters als die Kollegen steht er auf dem Rasen, die Arme auf die Knie gest\u00fctzt, und atmet durch. Sein direkter Konkurrent Kuba, eines dieser BVB-Laufwunder, hat gerade frisch verl\u00e4ngert und wird seine Position mit Z\u00e4hnen und Klauen verteidigen. Auch der Weg ins Zentrum scheint verstellt &#8211; trotz des Abgangs von Lenker und Denker Shinji Kagawa. Denn dort hat die Borussia ihm Marco Reus vor die Nase gesetzt. Der R\u00fcckkehrer hat dem Kollegen allein durch den Glanz des Neuen den Rang abgelaufen, in der Fangunst und im Team.<\/p>\n<p>Es ist nur schwer vorstellbar, dass der BVB seinen 17-Millionen-Mann auf der Bank versauern l\u00e4sst. &#8220;Mario hat sein L\u00e4cheln verloren&#8221;, \u00e4u\u00dferte k\u00fcrzlich BVB-Kapit\u00e4n Sebastian Kehl voller Sorge. Ob G\u00f6tze seine Unbeschwertheit wieder findet und damit den Weg zur\u00fcck in die Stammelf &#8211; das geh\u00f6rt zu den wohl spannendsten Geschichten der neuen Saison.<\/p>\n<p><strong>G\u00f6tze geht auf Tauchstation<\/strong><br \/>\nZumal da noch dieser andere Aspekt im Hintergrund lauert. Der Boulevard hat G\u00f6tze als lohnendes Ziel entdeckt. So spionierte eine Schweizer Zeitung dem deutschen Nationalspieler im Badeurlaub nach und fotografierte den Star in misslichen Posen. G\u00f6tzes Management wehrte sich gerichtlich gegen den Abdruck, aber was hei\u00dft das schon in Zeiten des Internets.<\/p>\n<p>Seitdem geht das Talent auf Tauchstation, meidet Interviews und Gespr\u00e4che mit den Medien. Selbst der BVB sieht sich inzwischen gen\u00f6tigt, bunten Geschichten vorzubeugen. &#8220;Er hatte keine Auseinandersetzung, sondern lediglich Zug im Gesicht bekommen&#8221;, verk\u00fcndete der Klub j\u00fcngst, um wilde Ger\u00fcchte \u00fcber sein geschwollenes Auge schon im Ansatz zu unterbinden.<\/p>\n<p><strong>Kein Testspiel-Einsatz wegen Augenverletzung<\/strong><br \/>\nDieses hat im \u00dcbrigen seinen Einsatz im j\u00fcngsten Testspiel in St. Gallen verhindert. Zu gef\u00e4hrlich, falls ein Ball drauf kommt, sagte der Arzt. Auch das noch, wo G\u00f6tze doch gerade jede Gelegenheit braucht, um zu punkten und sein k\u00fcnftige R\u00fcckennummer 10 zu rechtfertigen. Gl\u00fcck f\u00fcr ihn, dass er beim immer noch etwas gem\u00fctlichen BVB diesen Kampf f\u00fchrt, dem &#8220;Klub, in dem er sich am wohlsten f\u00fchlt&#8221;, so Klopp. Beim FC Bayern oder einem noch gr\u00f6\u00dferen Verein w\u00fcrde das gro\u00dfe G\u00f6tze-R\u00e4tsel vermutlich wochenlang die Schlagzeilen beherrschen.<\/p>\n","protected":false},"excerpt":{"rendered":"<p>Was wird blo\u00df aus Borussia Dortmunds fr\u00fcherem Darling? Mittelfeldspieler Mario G\u00f6tze steht vor der wohl wichtigsten Saison seiner Karriere.<\/p>\n","protected":false},"author":2,"featured_media":326,"comment_status":"open","ping_status":"open","sticky":false,"template":"","format":"standard","meta":{"ngg_post_thumbnail":0,"jetpack_post_was_ever_published":false,"_jetpack_newsletter_access":"","jetpack_publicize_message":"","jetpack_is_tweetstorm":false,"jetpack_publicize_feature_enabled":true,"jetpack_social_post_already_shared":false,"jetpack_social_options":{"image_generator_settings":{"template":"highway","enabled":false}}},"categories":[27,14],"tags":[39,16,37,44,38],"jetpack_publicize_connections":[],"jetpack_featured_media_url":"https:\/\/i0.wp.com\/www.athletic-brandao.de\/wp-content\/uploads\/2012\/07\/goetze2.jpg?fit=600%2C450","jetpack_shortlink":"https:\/\/wp.me\/p2zHXD-5d","jetpack_sharing_enabled":true,"jetpack_likes_enabled":true,"_links":{"self":[{"href":"http:\/\/www.athletic-brandao.de\/index.php?rest_route=\/wp\/v2\/posts\/323"}],"collection":[{"href":"http:\/\/www.athletic-brandao.de\/index.php?rest_route=\/wp\/v2\/posts"}],"about":[{"href":"http:\/\/www.athletic-brandao.de\/index.php?rest_route=\/wp\/v2\/types\/post"}],"author":[{"embeddable":true,"href":"http:\/\/www.athletic-brandao.de\/index.php?rest_route=\/wp\/v2\/users\/2"}],"replies":[{"embeddable":true,"href":"http:\/\/www.athletic-brandao.de\/index.php?rest_route=%2Fwp%2Fv2%2Fcomments&post=323"}],"version-history":[{"count":8,"href":"http:\/\/www.athletic-brandao.de\/index.php?rest_route=\/wp\/v2\/posts\/323\/revisions"}],"predecessor-version":[{"id":378,"href":"http:\/\/www.athletic-brandao.de\/index.php?rest_route=\/wp\/v2\/posts\/323\/revisions\/378"}],"wp:featuredmedia":[{"embeddable":true,"href":"http:\/\/www.athletic-brandao.de\/index.php?rest_route=\/wp\/v2\/media\/326"}],"wp:attachment":[{"href":"http:\/\/www.athletic-brandao.de\/index.php?rest_route=%2Fwp%2Fv2%2Fmedia&parent=323"}],"wp:term":[{"taxonomy":"category","embeddable":true,"href":"http:\/\/www.athletic-brandao.de\/index.php?rest_route=%2Fwp%2Fv2%2Fcategories&post=323"},{"taxonomy":"post_tag","embeddable":true,"href":"http:\/\/www.athletic-brandao.de\/index.php?rest_route=%2Fwp%2Fv2%2Ftags&post=323"}],"curies":[{"name":"wp","href":"https:\/\/api.w.org\/{rel}","templated":true}]}}