{"id":352,"date":"2012-07-30T12:45:41","date_gmt":"2012-07-30T10:45:41","guid":{"rendered":"http:\/\/www.athletic-brandao.de\/?p=352"},"modified":"2012-07-30T12:54:50","modified_gmt":"2012-07-30T10:54:50","slug":"352","status":"publish","type":"post","link":"http:\/\/www.athletic-brandao.de\/?p=352","title":{"rendered":"Leitner: &#8220;Kampf ums Mittelfeld? Wir sind alle gespannt, wie der Trainer das regelt&#8221;"},"content":{"rendered":"<p>Schon in seinem ersten Jahr beim BVB kam Moritz Leitner auf 17 Bundesliga-Eins\u00e4tze, nun will der erst 19-J\u00e4hrige den n\u00e4chsten Schritt in seiner Karriere machen. Den Konkurrenzkampf im dicht gedr\u00e4ngten Mittelfeld des Meisters nimmt der Techniker gerne auf.<\/p>\n<p>Im Interview mit Athletic Brandao spricht der Dortmunder Spa\u00dfvogel \u00fcber lehrreiche Extrarunden auf dem Trainingsplatz, die Sehnsucht nach dem ersten Bundesliga-Tor und die Streiche von &#8220;Mats und Moritz&#8221;.<!--more--><\/p>\n<p><strong>Athletic Brandao: Herr Leitner, am letzten Trainingstag in Bad Ragaz mussten Sie eine Hammer-Einheit absolvieren, den so genannten Willensbrecher. Und hinterher sogar noch eine Extraschicht &#8211; wie kam es dazu?<\/strong><br \/>\n\u2028Moritz Leitner: Diese Einheit ist ganz bitter, die droht ja jedes Jahr. Aber jetzt habe ich sie zum Gl\u00fcck hinter mir. Zehn Durchg\u00e4nge mit dem Ball am Fu\u00df immer den Platz hoch und runter, und zwischendurch Sprints. Zum Schluss hatten wir die Wahl: mit einem weiteren Durchgang das Elend diskussionslos beenden. Oder Alles oder Nichts: mit einem Gl\u00fcckstreffer an die Latte sofort aufh\u00f6ren, oder ansonsten sogar zwei weitere Durchg\u00e4nge machen. Leider bin ich so ein gro\u00dfer Zocker.<\/p>\n<p><strong>Daf\u00fcr werden Sie nach Ende des Trainingslagers in der Schweiz wohl nicht mehr verniedlichend Rippchen genannt, oder?<\/strong><br \/>\n\u2028Um diesen Spitznamen loszuwerden, brauche ich wohl noch ein wenig. Aber ich habe schon einige Kilos an Muskelmasse zugelegt, das stimmt. Ich will mich schlie\u00dflich weiterentwickeln und dazu muss ich auch robuster werden.<\/p>\n<p><strong>Aus diesem Grund haben Sie extra hart gearbeitet, wie zu h\u00f6ren ist: Mit einer Vorbereitung f\u00fcr die Bundesliga-Vorbereitung&#8230;<\/strong><br \/>\n\u2028Ja, so war es mit den Fitnesstrainern des BVB abgesprochen. Ich habe im Urlaub ein paar Einheiten mehr gemacht, das hat mir gut getan. So f\u00e4llt mir im zweiten Jahr in der Bundesliga hoffentlich alles ein bisschen leichter.<\/p>\n<p><strong>Was genau haben Sie trainiert?\u2028<\/strong><br \/>\nIn M\u00fcnchen habe ich ein paar zus\u00e4tzliche Laufeinheiten eingelegt, mit meinem fr\u00fcheren Physiotherapeuten von1860 M\u00fcnchen. \u00dcberall, wo wir gerade Lust drauf hatten: am Olympiaberg, am Olympiastadion, im englischen Garten&#8230;<\/p>\n<p><strong>Haben Sie eigentlich besondere Vorbilder im Fu\u00dfball?\u2028<\/strong><br \/>\nEs gibt viele \u00fcberragende Kicker: Xavi oder Iniesta etwa. Aber es gibt keinen Spieler, von dem ich sage: Genauso m\u00f6chte ich auch werden. Ich w\u00fcrde viel lieber h\u00f6ren, dass mal einer sagt: &#8220;Ich will so werden wie der Leitner.&#8221; (lacht)<\/p>\n<p><strong>Haben Sie fr\u00fcher keine Poster von Fu\u00dfballstars im Zimmer gehabt?\u2028<\/strong><br \/>\nPoster schon, doch ein absolutes Vorbild habe ich nicht. Aber David Beckham zum Beispiel ist ein geiler Typ: Wie er seine Karriere meistert, und bei allem noch menschlich bleibt. Erst letztens habe ich ein Video gesehen, in dem er fremde Menschen \u00fcberrascht und einfach so Fotos mit ihnen macht. Die kleinen Kinder heulen da vor Gl\u00fcck. Gro\u00dfartig.<\/p>\n<p><strong>Gibt es beim BVB \u00e4ltere Spieler, zu denen Sie aufschauen. Spieler, die Youngster wie Sie besonders an die Hand nehmen?\u2028<\/strong><br \/>\n(Lacht) \u00c4ltere Spieler bei uns &#8211; wer soll das denn sein? Aber im Ernst. Bei uns hilft einfach jeder jedem. Mats, Manni oder Kehli (Hummels, Bender, Kehl, d. Red.): wenn die sagen \u201eMo lauf dahin\u201c, oder \u201eMo, mach das\u201c, nehme ich den Rat dankbar an.<\/p>\n<p><strong>Und privat &#8211; mit wem verstehen Sie sich beim BVB besonders?<\/strong><br \/>\n\u2028Mit Manni und Mario (G\u00f6tze, d.Red.) vielleicht, aber eigentlich mit der ganzen Mannschaft. Und dass ich mit Mats am meisten Unsinn verzapfe, das wei\u00df ja l\u00e4ngst jeder. Wir laufen beim BVB doch schon als \u201eMats und Moritz\u201c.<\/p>\n<p><strong>Gibt es bei anderen Bundesligavereinen einen \u00e4hnlichen harten Konkurrenzkampf wie im Mittelfeld des BVB?<\/strong><br \/>\n\u2028Bundesliga ist Bundesliga, und Wettbewerb gibt es \u00fcberall. Aber die Situation in der Schaltzentrale der Borussia ist schon eine besondere. Wir haben f\u00fcnf freie Pl\u00e4tze im Mittelfeld, aber zehn \u00fcberragende Spieler, jeder f\u00fcr sich mit besonderen Qualit\u00e4ten. Wenn alle ihr Bestes geben, wird es schwierig f\u00fcr den Trainer. Wir sind alle gespannt, wie er das regelt.<\/p>\n<p><strong>Welche Ziele haben Sie sich f\u00fcr die 50. Bundesliga-Saison gesetzt?<\/strong><br \/>\n\u2028Ich m\u00f6chte mich Schritt f\u00fcr Schritt weiterentwickeln und dem Trainer die Entscheidung so schwer wie m\u00f6glich machen, falls er sich gegen mich entscheiden sollte.<\/p>\n<p><strong>Wann schie\u00dfen Sie ihr erstes Bundesliga-Tor?<\/strong><br \/>\n\u2028(Lacht) Am besten am ersten Spieltag! Es wird einfach Zeit, dass der Ball mal eingenetzt wird.<\/p>\n","protected":false},"excerpt":{"rendered":"<p>Schon in seinem ersten Jahr beim BVB kam Moritz Leitner auf 17 Bundesliga-Eins\u00e4tze, nun will der erst 19-J\u00e4hrige den n\u00e4chsten Schritt in seiner Karriere machen. Den Konkurrenzkampf im dicht gedr\u00e4ngten Mittelfeld des Meisters nimmt der Techniker gerne auf. Im Interview &hellip; <a href=\"http:\/\/www.athletic-brandao.de\/?p=352\">Weiterlesen <span class=\"meta-nav\">&rarr;<\/span><\/a><\/p>\n","protected":false},"author":2,"featured_media":0,"comment_status":"open","ping_status":"open","sticky":false,"template":"","format":"standard","meta":{"ngg_post_thumbnail":0,"jetpack_post_was_ever_published":false,"_jetpack_newsletter_access":"","jetpack_publicize_message":"","jetpack_is_tweetstorm":false,"jetpack_publicize_feature_enabled":true,"jetpack_social_post_already_shared":false,"jetpack_social_options":{"image_generator_settings":{"template":"highway","enabled":false}}},"categories":[27,9],"tags":[39,16,37,46,38],"jetpack_publicize_connections":[],"jetpack_featured_media_url":"","jetpack_shortlink":"https:\/\/wp.me\/s2zHXD-352","jetpack_sharing_enabled":true,"jetpack_likes_enabled":true,"_links":{"self":[{"href":"http:\/\/www.athletic-brandao.de\/index.php?rest_route=\/wp\/v2\/posts\/352"}],"collection":[{"href":"http:\/\/www.athletic-brandao.de\/index.php?rest_route=\/wp\/v2\/posts"}],"about":[{"href":"http:\/\/www.athletic-brandao.de\/index.php?rest_route=\/wp\/v2\/types\/post"}],"author":[{"embeddable":true,"href":"http:\/\/www.athletic-brandao.de\/index.php?rest_route=\/wp\/v2\/users\/2"}],"replies":[{"embeddable":true,"href":"http:\/\/www.athletic-brandao.de\/index.php?rest_route=%2Fwp%2Fv2%2Fcomments&post=352"}],"version-history":[{"count":15,"href":"http:\/\/www.athletic-brandao.de\/index.php?rest_route=\/wp\/v2\/posts\/352\/revisions"}],"predecessor-version":[{"id":369,"href":"http:\/\/www.athletic-brandao.de\/index.php?rest_route=\/wp\/v2\/posts\/352\/revisions\/369"}],"wp:attachment":[{"href":"http:\/\/www.athletic-brandao.de\/index.php?rest_route=%2Fwp%2Fv2%2Fmedia&parent=352"}],"wp:term":[{"taxonomy":"category","embeddable":true,"href":"http:\/\/www.athletic-brandao.de\/index.php?rest_route=%2Fwp%2Fv2%2Fcategories&post=352"},{"taxonomy":"post_tag","embeddable":true,"href":"http:\/\/www.athletic-brandao.de\/index.php?rest_route=%2Fwp%2Fv2%2Ftags&post=352"}],"curies":[{"name":"wp","href":"https:\/\/api.w.org\/{rel}","templated":true}]}}