{"id":452,"date":"2012-09-11T08:08:18","date_gmt":"2012-09-11T06:08:18","guid":{"rendered":"http:\/\/www.athletic-brandao.de\/?p=452"},"modified":"2012-09-12T08:06:38","modified_gmt":"2012-09-12T06:06:38","slug":"gegen-osterreich-low-befurchtet-ein-duell-auf-augenhohe","status":"publish","type":"post","link":"http:\/\/www.athletic-brandao.de\/?p=452","title":{"rendered":"Gegen \u00d6sterreich: L\u00f6w bef\u00fcrchtet ein Duell auf Augenh\u00f6he"},"content":{"rendered":"<p>Vorm Prestigeduell in der WM-Qualifikation gibt sich Goliath Deutschland pl\u00f6tzlich klein und bescheiden, David \u00d6sterreich dagegen schwingt bereits beherzt die Schleuder.<!--more--><\/p>\n<p>Nachbarschaftliche Ann\u00e4herung &#8211; gerade zwischen den Deutschen und den \u00d6sterreichern ist das ja immer so ein Problem. Doch im Fu\u00dfball ist alles m\u00f6glich, das beweisen die Nationalmannschaften der beiden Teams auf ungew\u00f6hnliche Weise. W\u00e4hrend Bundestrainer Joachim L\u00f6w das Spiel in der WM-Qualifikation nutzt, um die \u00d6sterreicher zu einem Gegner von Weltformat hochzuloben, tr\u00e4umen die Gastgeber ihrerseits \u00f6ffentlich vom ersten Pflichtspielsieg \u00fcber die Piefkes seit 34 Jahren. Und so stellt das Prestigeduell in Wien zumindest im verbalen Schlagabtausch schon genau das dar, was L\u00f6w auch auf dem Rasen erwartet, n\u00e4mlich: \u201eein Duell auf Augenh\u00f6he\u201c.<\/p>\n<p><strong>Wie eine Eloge an eine gro\u00dfe Fu\u00dfballnation<\/strong><br \/>\n\u201eDie \u00d6sterreicher sind sehr selbstbewusst &#8211; und das v\u00f6llig zu Recht\u201c, sagte L\u00f6w auf der Abschluss-Pressekonferenz im Ernst-Happel-Stadion und ging dabei deutlich \u00fcber die \u00fcblichen H\u00f6flichkeitsadressen fr\u00fcherer Tage hinaus. Seine Einsch\u00e4tzung des 49. der FIFA-Weltrangliste h\u00f6rte sich an wie die Eloge an eine gro\u00dfe Fu\u00dfballnation. \u201eDie Mannschaft hat eine sehr gute Grundordnung. Sie ist in der Lage, wahnsinnig schnell umzuschalten\u201c, sagte L\u00f6w und warnte vor dem Duell gegen ein Team mit neun ausgebufften Bundesliga-Legion\u00e4ren, die in ihren deutschen Klubs Leistungstr\u00e4ger seien. <\/p>\n<p>Bei aller St\u00e4rke, die dem aktuellen Team der \u00d6sterreicher im Vergleich zu fr\u00fcheren Tage zuzuschreiben ist, l\u00e4sst das aber mehrere Aspekte unber\u00fccksichtigt. So steht auf einer so neuralgischen Position wie der des Torwarts in Robert Almer nur ein Ersatzspieler von Aufsteiger Fortuna D\u00fcsseldorf auf dem Platz. Au\u00dferdem spielen die meisten Akteure in Vereinen, die eher in die Europa League streben als in die Champions League. Und schlie\u00dflich ist \u00d6sterreich Fu\u00dfballer des Jahres, David Alaba vom FC Bayern, wegen einer Verletzung erst gar nicht dabei.<\/p>\n<p><strong>Der Bundestrainer baut einer Niederlage vor<\/strong><br \/>\nDie Offensivkr\u00e4fte Marko Arnautovic und Martin Harnik bekamen sogar ein Extralob vom Trainer des 2. der Weltrangliste. Auch f\u00fcr den gegnerischen Coach fand L\u00f6w nur Lob. \u201eMarcel Koller steht f\u00fcr gut organisierte Mannschaften mit einer sehr, sehr guten Grundordnung.\u201c Die Rot-Wei\u00df-Roten spielten mutig und offensiv, wie man es in den letzten Aufeinandertreffen 2008 und 2011 noch nicht gesehen habe. Fazit L\u00f6w: \u201eIch gehe von einem aggressiven Abn\u00fctzungskampf aus.\u201c<\/p>\n<p>Auch vor dem zu erwartenden Hexenkessel des fr\u00fcheren Praterstadions hat der Bundestrainer gr\u00f6\u00dften Respekt. \u201eDas Wiener Publikum wird hinter ihrer Mannschaft stehen wie nie.\u201c Als letzten Sicherungsbalken zog der 52-J\u00e4hrige vorsorglich sogar die Entschuldigung f\u00fcr den Falle einer Niederlage ein: \u201eEs werden insgesamt 30 Punkte vergeben. Die Qualifikation ist ein Langstreckenrennen.\u201c<\/p>\n<p><strong>Zur\u00fcck zur Demut<\/strong><br \/>\nDen Gegner gro\u00df machen und sich selbst ein wenig kleiner &#8211; das scheint eine der gro\u00dfen Lehren aus dem Scheitern bei der EM zu sein. Dort sprach L\u00f6w bis zum entt\u00e4uschenden Halbfinal-Aus nur \u00fcber die eigenen St\u00e4rken und die Spieler dachten nur an das Duell mit Spanien und an den Titelgewinn. Das h\u00f6rt sich nun ganz anders an. \u201eDie Fallh\u00f6he bei der Europameisterschaft war sehr gro\u00df\u201c, gab L\u00f6w zu &#8211; und damit dem\u00fctig den Abschied vom strotzenden Selbstbewusstseins bekannt. \u201eWir m\u00fcssen kleinere Schritte machen und d\u00fcrfen jetzt nicht an den WM-Titel denken. Wir spielen in einer wahnsinnig ausgeglichenen Qualifikations-Gruppe.\u201c<\/p>\n<p>Damit gab der Bundestrainer zwischen den Zeilen Mittelfeldspieler Sami Khedira Recht, der in einem \u201ekicker\u201c-Interview als Knackpunkt angeprangert hatte, die DFB-Elf sei sich vor der EM-Niederlage gegen Italien einfach zu sicher gewesen, das Endspiel zu erreichen.<\/p>\n<p><strong>Selbst der ruhige Schweizer hat feuchte H\u00e4nde<\/strong><br \/>\nGanz entgegengesetzt verh\u00e4lt es sich dagegen gerade bei den \u00d6sterreichern, nachdem das Team zuletzt sogar erstmals seit Ewigkeiten einen Sieg \u00fcber die T\u00fcrkei feiern durfte. Kapit\u00e4n Christian Fuchs fordert beim Au\u00dfenseiter, der vermutlich \u00fcber die beste Mannschaft seit \u00fcber 30 Jahren verf\u00fcgt, jedenfalls ein Ende der Bescheidenheit: \u201eWir d\u00fcrfen uns nicht zu klein machen.\u201c F\u00fcr die \u00d6sterreicher \u201ew\u00e4re es toll, die Deutschen mal auf die Schaufel zu nehmen.\u201c Der Schalker Au\u00dfenverteidiger ist sich sicher, dass der Respekt des gro\u00dfen Nachbarn gewachsen ist. \u201eWir haben Qualit\u00e4ten, auf die wir uns berufen k\u00f6nnen.\u201c<\/p>\n<p>Mittelfeldspieler Veli Kavlak von Besiktas Istanbul hatte sogar get\u00f6nt: \u201eBei allem Respekt. Diesmal gewinnen wir 2:1.\u201c Trainer Koller, der die Bundesliga aus seiner Zeit beim VfL Bochum und beim 1. FC K\u00f6ln kennt, gibt sich nicht ganz so selbstbewusst. Aber selbst den ruhigen Schweizer juckt die Aussicht auf den Favoritensturz: \u201eIch habe feuchte H\u00e4nde, wenn ich ans Spiel denke. Aber nicht aus Nervosit\u00e4t, sondern aus Vorfreude.\u201c<\/p>\n","protected":false},"excerpt":{"rendered":"<p>Vorm Prestigeduell in der WM-Qualifikation gibt sich Goliath Deutschland pl\u00f6tzlich klein und bescheiden, David \u00d6sterreich dagegen schwingt bereits beherzt die Schleuder.<\/p>\n","protected":false},"author":2,"featured_media":0,"comment_status":"open","ping_status":"open","sticky":false,"template":"","format":"standard","meta":{"ngg_post_thumbnail":0,"jetpack_post_was_ever_published":false,"_jetpack_newsletter_access":"","jetpack_publicize_message":"","jetpack_is_tweetstorm":false,"jetpack_publicize_feature_enabled":true,"jetpack_social_post_already_shared":false,"jetpack_social_options":{"image_generator_settings":{"template":"highway","enabled":false}}},"categories":[14,55],"tags":[64,57,58,65,17,62,63],"jetpack_publicize_connections":[],"jetpack_featured_media_url":"","jetpack_shortlink":"https:\/\/wp.me\/p2zHXD-7i","jetpack_sharing_enabled":true,"jetpack_likes_enabled":true,"_links":{"self":[{"href":"http:\/\/www.athletic-brandao.de\/index.php?rest_route=\/wp\/v2\/posts\/452"}],"collection":[{"href":"http:\/\/www.athletic-brandao.de\/index.php?rest_route=\/wp\/v2\/posts"}],"about":[{"href":"http:\/\/www.athletic-brandao.de\/index.php?rest_route=\/wp\/v2\/types\/post"}],"author":[{"embeddable":true,"href":"http:\/\/www.athletic-brandao.de\/index.php?rest_route=\/wp\/v2\/users\/2"}],"replies":[{"embeddable":true,"href":"http:\/\/www.athletic-brandao.de\/index.php?rest_route=%2Fwp%2Fv2%2Fcomments&post=452"}],"version-history":[{"count":16,"href":"http:\/\/www.athletic-brandao.de\/index.php?rest_route=\/wp\/v2\/posts\/452\/revisions"}],"predecessor-version":[{"id":473,"href":"http:\/\/www.athletic-brandao.de\/index.php?rest_route=\/wp\/v2\/posts\/452\/revisions\/473"}],"wp:attachment":[{"href":"http:\/\/www.athletic-brandao.de\/index.php?rest_route=%2Fwp%2Fv2%2Fmedia&parent=452"}],"wp:term":[{"taxonomy":"category","embeddable":true,"href":"http:\/\/www.athletic-brandao.de\/index.php?rest_route=%2Fwp%2Fv2%2Fcategories&post=452"},{"taxonomy":"post_tag","embeddable":true,"href":"http:\/\/www.athletic-brandao.de\/index.php?rest_route=%2Fwp%2Fv2%2Ftags&post=452"}],"curies":[{"name":"wp","href":"https:\/\/api.w.org\/{rel}","templated":true}]}}