{"id":631,"date":"2012-11-22T12:31:27","date_gmt":"2012-11-22T10:31:27","guid":{"rendered":"http:\/\/www.athletic-brandao.de\/?p=631"},"modified":"2012-11-28T02:13:49","modified_gmt":"2012-11-28T00:13:49","slug":"die-gotze-gala-lasst-dortmund-traumen","status":"publish","type":"post","link":"http:\/\/www.athletic-brandao.de\/?p=631","title":{"rendered":"Der Geheimfavorit l\u00e4sst die Maske fallen"},"content":{"rendered":"<p>Nach der G\u00f6tze-Gala bei Ajax Amsterdam und dem beeindruckenden Durchmarsch in der Gigantengruppe der Champions League warten gro\u00dfe Ziele auf Borussia Dortmund.<!--more--><\/p>\n<p>Wie in Trance begaben sich die Spieler von Ajax Amsterdam auf eine kleine Ehrenrunde, einige mit schwarz-gelben Trikots als Souvenirs ausgestattet. Sp\u00e4testens auf dem Weg in die Kabine aber, als ihre eigenen Balljungen Spalier standen und den Gegner abklatschten, wurde ihnen die schreckliche Realit\u00e4t der vorangegangen 90 Minuten bewusst: Nicht sie waren die gefeierten Helden an diesem denkw\u00fcrdigen Abend in der Amsterdam Arena, sondern die G\u00e4ste aus Dortmund.<\/p>\n<p>Mit 4:1 war die Borussia \u00fcber den keinesfalls schwach spielenden Meister der holl\u00e4ndischen Eredivisie hinweggefegt, und die jungen Helfer am Rande hatten wohl das richtige Gesp\u00fcr: Diese Mannschaft aus dem Nachbarland, von Trainergr\u00f6\u00dfen wie Jose Mourinho oder Sir Alex Ferguson zum Geheimfavoriten erkl\u00e4rt, hat offenbar wirklich das Zeug dazu, in der Champions League eine gro\u00dfe Nummer zu werden.<\/p>\n<p><strong>Szenenapplaus vom Gegner<\/strong><br \/>\nDie gesamte Ajax-Gemeinde war Zeuge und unfreiwilliger Teil einer Gala der Disziplin, der Effektivit\u00e4t und der sch\u00f6nen Spielz\u00fcge des Deutschen Meisters geworden. Selbst die pessimistischsten Fans der Schwarz-Gelben wurden zu wilden Tr\u00e4umen animiert, die Anh\u00e4nger der Rot-Wei\u00dfen zollten Respekt und spendeten sogar Szenenapplaus.<\/p>\n<p>Allein der Auftritt von Mario G\u00f6tze d\u00fcrfte den Anwesenden jeglicher Couleur lange in Erinnerung bleiben. Was der 20-J\u00e4hrige auf den Rasen der Ajax-Arena zauberte, ist mit Worten nur schwer zu fassen. Dortmunds Mittelfeldass ist endg\u00fcltig auf der gro\u00dfen B\u00fchne der K\u00f6nigsklasse angekommen. Auf der B\u00fchne, von der schon l\u00e4nger klar war, dass sie eines Tages ihm geh\u00f6ren w\u00fcrde, wenn nicht etwas Unvorhersehbares passiert.<\/p>\n<p><strong>G\u00f6tze &#8220;au\u00dfergew\u00f6hnlich &#8211; seinen F\u00e4higkeiten entsprechend&#8221;<\/strong><br \/>\nBeim fr\u00fchen 1:0 durch Marco Reus, der seinen BVB nun schon zum dritten Mal in Folge ausw\u00e4rts in F\u00fchrung brachte, spielte G\u00f6tze erst Doppelpass mit Lukas Piszczek und dann wunderbar mit eben jenem Reus. Vorm 3:0 zwang er Amsterdams Keeper Kenneth Vermeer zu einer verungl\u00fcckten Faustabwehr, so dass Robert Lewandowski nur abstauben musste, Beim 4:0 spielte G\u00f6tze mit Kevin Gro\u00dfkreutz \u00fcber Bande, nur um dann erneut Lewandowski perfekt zu bedienen.<\/p>\n<p>Und zwischendurch hatte Dortmunds Mittelfeldjuwel auch noch selbst getroffen: nach einem starken Dribbling, mit einem Schuss von der Strafraumkante, platziert neben den Innenpfosten. Und das war l\u00e4ngst nicht alles. Immer wieder setzte G\u00f6tze zu atemberaubenden Solol\u00e4ufen an. Immer wieder setzte er seine Kollegen gekonnt in Szene. Trainer J\u00fcrgen Klopp fasste die Leistung in der passenden Kurz-Analyse zusammen: &#8220;Er hat au\u00dfergew\u00f6hnlich gespielt &#8211; seinen F\u00e4higkeiten entsprechend.\u201c<\/p>\n<p><strong>Klopp zeigt Genugtuung<\/strong><br \/>\nDas junge Ajax-Team klammert sich nun an den Strohhalm, im letzten Gruppenspiel bei Real Madrid noch Rang drei f\u00fcr die Europa League zu verteidigen, um dann in der n\u00e4chsten Saison in der Champions League vom Lernprozess zu profitieren. So wie es der BVB in \u00e4hnlicher Ausgangsposition vorgemacht hat. Das immer noch jugendliche Klopp-Team hat nach der Seuchensaison im ersten Anlauf nun vorzeitig den Gruppensieg sicher.<\/p>\n<p>Und das gegen Gegner wie Ajax, Real Madrid und Manchester City &#8211; allesamt Meister in ihren Ligen. &#8220;In der Vergangenheit mussten wir uns den Vorwurf gefallen lassen, den deutschen Fu\u00dfball nicht w\u00fcrdig vertreten zu haben&#8221;, erkl\u00e4rte Trainer Klopp mit einiger Genugtuung nach der Partie. &#8220;Es ist ein Fingerzeig, dass auch diese Art von Fu\u00dfball funktioniert.&#8221;<\/p>\n<p><strong>Bender wieder im Pech<\/strong><br \/>\nSo wie in den ersten vier Spielen funktionierte das erneut ziemlich gut in Amsterdam &#8211; und sogar noch besser. Denn weil die Schwarz-Gelben diszipliniert agierten und neben G\u00f6tze auch das Kollektiv gl\u00e4nzte, zogen sie ihr Ding diesmal erfolgreich durch und wurden nicht erneut knapp vorm Schlusspfiff um den verdienten Sieg gebracht wie in Manchester oder Madrid.<\/p>\n<p>Beim obligatorischen sp\u00e4ten Gegentreffer durch Danny Hoesen hatten die Dortmunder schon so viel Distanz aufgebaut, das schlicht nichts mehr schief gehen konnte. Nicht einmal der vermutlich erneute Nasenbeinbruch von Dauerpechvogel Sven Bender nach gut einer Stunde warf den BVB aus der Bahn. Den ersten Ausw\u00e4rtserfolg in der Champions League seit dem 1:0 beim AC Mailand im Fr\u00fchjahr 2003 hatte sich der Revierklub redlich erarbeitet und erspielt.<\/p>\n<p><strong>Alles ist jetzt m\u00f6glich<\/strong><br \/>\nTrainer Klopp wollte daher gar nicht erst damit hinter dem Berg halten, was der Durchmarsch in der Gigantengruppe f\u00fcr ihn pers\u00f6nlich und f\u00fcr den Klub bedeutet. &#8220;Das ist ein gro\u00dfer Abend f\u00fcr uns, vergleichbar mit dem DFB-Pokalsieg.&#8221; Doch anders als der Erfolg in Berlin stellt der Einzug ins Achtelfinale nicht den Schlusspunkt, sondern wom\u00f6glich den Ausgangspunkt f\u00fcr etwas Gro\u00dfes dar. Mit ein bisschen Losgl\u00fcck k\u00f6nnte es die Borussia weit bringen in der K\u00f6nigsklasse. In der Form der Vorrunde geh\u00f6rt der BVB jedenfalls zu den Teams, denen die Konkurrenz in diesem Wettbewerb wohl liebend gerne aus dem Weg gehen w\u00fcrde.<\/p>\n","protected":false},"excerpt":{"rendered":"<p>Nach der G\u00f6tze-Gala bei Ajax Amsterdam und dem beeindruckenden Durchmarsch in der Gigantengruppe der Champions League warten gro\u00dfe Ziele auf Borussia Dortmund.<\/p>\n","protected":false},"author":2,"featured_media":0,"comment_status":"open","ping_status":"open","sticky":false,"template":"","format":"standard","meta":{"ngg_post_thumbnail":0,"jetpack_post_was_ever_published":false,"_jetpack_newsletter_access":"","jetpack_publicize_message":"","jetpack_is_tweetstorm":false,"jetpack_publicize_feature_enabled":true,"jetpack_social_post_already_shared":false,"jetpack_social_options":{"image_generator_settings":{"template":"highway","enabled":false}}},"categories":[66,14],"tags":[67,16,248,33,44],"jetpack_publicize_connections":[],"jetpack_featured_media_url":"","jetpack_shortlink":"https:\/\/wp.me\/p2zHXD-ab","jetpack_sharing_enabled":true,"jetpack_likes_enabled":true,"_links":{"self":[{"href":"http:\/\/www.athletic-brandao.de\/index.php?rest_route=\/wp\/v2\/posts\/631"}],"collection":[{"href":"http:\/\/www.athletic-brandao.de\/index.php?rest_route=\/wp\/v2\/posts"}],"about":[{"href":"http:\/\/www.athletic-brandao.de\/index.php?rest_route=\/wp\/v2\/types\/post"}],"author":[{"embeddable":true,"href":"http:\/\/www.athletic-brandao.de\/index.php?rest_route=\/wp\/v2\/users\/2"}],"replies":[{"embeddable":true,"href":"http:\/\/www.athletic-brandao.de\/index.php?rest_route=%2Fwp%2Fv2%2Fcomments&post=631"}],"version-history":[{"count":12,"href":"http:\/\/www.athletic-brandao.de\/index.php?rest_route=\/wp\/v2\/posts\/631\/revisions"}],"predecessor-version":[{"id":641,"href":"http:\/\/www.athletic-brandao.de\/index.php?rest_route=\/wp\/v2\/posts\/631\/revisions\/641"}],"wp:attachment":[{"href":"http:\/\/www.athletic-brandao.de\/index.php?rest_route=%2Fwp%2Fv2%2Fmedia&parent=631"}],"wp:term":[{"taxonomy":"category","embeddable":true,"href":"http:\/\/www.athletic-brandao.de\/index.php?rest_route=%2Fwp%2Fv2%2Fcategories&post=631"},{"taxonomy":"post_tag","embeddable":true,"href":"http:\/\/www.athletic-brandao.de\/index.php?rest_route=%2Fwp%2Fv2%2Ftags&post=631"}],"curies":[{"name":"wp","href":"https:\/\/api.w.org\/{rel}","templated":true}]}}