{"id":753,"date":"2013-03-06T12:53:42","date_gmt":"2013-03-06T10:53:42","guid":{"rendered":"http:\/\/www.athletic-brandao.de\/?p=753"},"modified":"2013-04-10T10:26:28","modified_gmt":"2013-04-10T08:26:28","slug":"die-gala-borussen-und-ihr-kleines-luxusproblem","status":"publish","type":"post","link":"http:\/\/www.athletic-brandao.de\/?p=753","title":{"rendered":"Die Gala-Borussen und ihr kleines Luxusproblem"},"content":{"rendered":"<p>Mit gro\u00dfer Leidenschaft und hoher Spielkultur st\u00fcrmt Borussia Dortmund zum ersten Mal seit 15 Jahren wieder ins Viertelfinale der Champions League &#8211; und erkl\u00e4rt einem unsichtbaren Gegner den Kampf.<!--more--><\/p>\n<p>Auch ein Viertelfinalheld hat\u2018s nicht leicht. Weil er in seine schnieke K\u00f6nigsklassen-Verkleidung schl\u00fcpfen musste, zu der einfach keine frisurschonende P\u00f6hler-Kappe passt, sa\u00df J\u00fcrgen Klopp leicht zerzaust auf dem Podium der Pressekonferenz und grummelte missmutig ins Mikro. &#8220;Danke f\u00fcr den Rucksack, Ottmar Hitzfeld!\u201c, schickte Borussia Dortmunds Trainer einen vergifteten Gru\u00df an den TV-Experten, der die Schwarz-Gelben gerade am Bildschirm zum Topfavoriten der Champions League erkl\u00e4rt hatte.<\/p>\n<p>&#8220;Bedanken&#8221; konnte er sich aber genau so gut bei seiner Mannschaft, die zum wiederholten Male in Europas Eliteliga eine Gala auf den Rasen zauberte. In der Form des eindrucksvollen 3:0 (2:0)-Siegs \u00fcber Schachtar Donezk geh\u00f6rt der Deutsche Meister selbstverst\u00e4ndlich zum engeren Kandidatenkreis f\u00fcr die begehrteste Troph\u00e4e des Klubfu\u00dfballs. Da kann ihr Trainer noch so sehr bremsen.<\/p>\n<p><strong>Clevere Fachleute reden ihre Niederlage gegen Dortmund sch\u00f6n<\/strong><\/p>\n<p>Zu klar, zu dominant, zu eindeutig war die Partie gegen die ebenfalls spielstarken Ukrainer, als dass Klopp die allgemeine Lobhudelei aufhalten konnte. Lediglich eine Viertelstunde nach der Pause war Schachtar in der Lage, sein eigenes Spiel durchzudr\u00fccken, so wie deren Trainer Mircea Lucescu es nach dem 2:2 im Hinspiel eigentlich von Beginn an geplant hatte. Doch da f\u00fchrte Dortmund durch den Doppelschlag von Felipe Santana (31.) und Mario G\u00f6tze (39.) bereits mit zwei Toren.<\/p>\n<p>Als Jakub Blaszczykowski nach gut einer Stunde noch einen drauf setzte, war Donezk endg\u00fcltig der Zahn gezogen und die Borussia stand zum ersten Mal seit 15 Jahren wieder unter den besten Acht Europas. Superbayern hin oder her &#8211; vermutlich werden sich die Stimmen mehren, die den BVB als das hei\u00dfeste Team Europas bezeichnen, so wie es k\u00fcrzlich das angesehene englische Fu\u00dfball-Magazin &#8220;Four Four Two&#8221; getan hatte. Eine neue Front f\u00fcr Klopp, der schon genug damit zu tun hat, Branchengr\u00f6\u00dfen wie Real Madrids Coach Jose Mourinho in die Schranken zu verweisen, weil sie den BVB schon lange zum Geheimfavoriten erkl\u00e4rt haben. &#8220;Das sind clevere Fachleute, die vorab ihre Niederlage gegen uns sch\u00f6nreden.&#8221;<\/p>\n<p><strong>Nur zehn Minuten wackelt das BVB-Kunstwerk<\/strong><\/p>\n<p>Auf das Weiterkommen gegen Schachtar jedenfalls k\u00f6nnen sich Klopp und Co. durchaus etwas einbilden, auch wenn das Ergebnis keine gro\u00dfe sportliche Herausforderung vermuten l\u00e4sst. Ein Team wie den ukrainischen Serienmeister auszuschalten, ist alles andere als selbstverst\u00e4ndlich. Wie schon gegen Ajax Amsterdam, Real Madrid und Manchester City boten die Schwarz-Gelben erneut eine taktisch reife Leistung, die aber auch absolut n\u00f6tig war. Sie lie\u00dfen sich weder locken von den bis zuletzt geduldig auf Konter bedachten G\u00e4sten, noch in deren Drangperiode \u00fcberrollen.<\/p>\n<p>An diesem Gegner h\u00e4tte sich so manch anderer Favorit die Z\u00e4hne ausgebissen. &#8220;Zehn Minuten lang nach der Pause haben wir unseren Torwart Roman Weidenfeller gebraucht. Aber sonst war das von der ersten bis zur letzten Minute stark gespielt. Das ist ein au\u00dfergew\u00f6hnlicher Moment f\u00fcr uns&#8221;, sagte ein stolzer Klopp.<\/p>\n<p><strong>Kehl kommt mit angebrochener Rippe<\/strong><\/p>\n<p>Sein Team hatte sich zudem erfolgreich \u00fcber einige Hindernisse hinweg gesetzt. So kompensierte die Mannschaft im Gegensatz zur verkorksten Pokal-Partie in M\u00fcnchen den Ausfall des grippekranken Nationalverteidigers Mats Hummels. Der zuletzt viel kritisierte Ersatzmann Felipe Santana spielte b\u00e4renstark und brach mit seinem wuchtigen Kopfballtreffer nach einer Ecke von Mario G\u00f6tze den Bann.<\/p>\n<p>&#8220;Vielleicht liegt es doch an der Frisur&#8221;, unkte Klopp. Santana hatte sich nach langer Zeit wieder eine Glatze scheren lassen und gl\u00e4nzte nicht nur in modischer Hinsicht unter dem Flutlicht des Stadions. Der ebenfalls starke und f\u00fcr das Dortmunder Vollgas-Spiel so wichtige Sven Bender musste mit einer Sprunggelenksverletzung zur Pause ersetzt werden. F\u00fcr ihn qu\u00e4lte sich Sebastian Kehl durch die Partie &#8211; dabei ging der Kapit\u00e4n und K\u00e4mpfer mit einer angebrochenen Rippe auf den Rasen.<\/p>\n<p><strong>An manchen Tagen die Fu\u00dfballwelt ver\u00e4ndern<\/strong><\/p>\n<p>Dass nebenher noch Ballk\u00fcnstler wie Mario G\u00f6tze auf dem Platz standen, der auf der gro\u00dfen B\u00fchne regelm\u00e4\u00dfig aufbl\u00fcht, machte die Sache nat\u00fcrlich leichter. Auch gegen Donezk spr\u00fchte das 20-j\u00e4hrige Supertalent nur so vor Spielfreude und war mit &#8220;nur&#8221; einem Treffer sogar noch schlecht bedient. St\u00fcrmerstar Robert Lewandowski hielt sich ausnahmsweise in Sachen Torejagd zur\u00fcck, gl\u00e4nzte daf\u00fcr aber mit gro\u00dfer Spiel\u00fcbersicht und als Vorbereiter.<\/p>\n<p>Und dann hat der BVB ja auch noch Marco Reus, bei dem die Beobachter trotz guter Leistungen immer noch das Gef\u00fchl haben, da ist noch viel, viel mehr Luft nach oben. Angesichts der \u00fcberbordenden Offensivkraft f\u00fchlte sich sogar Klopp zu einer kleinen Lobhudelei hingerissen. &#8220;Wir k\u00f6nnen nicht jeden Tag die Fu\u00dfballwelt ver\u00e4ndern &#8211; aber an manchen Tagen.&#8221;<\/p>\n<p><strong>Die Fans haben gerade andere Sorgen<\/strong><\/p>\n<p>Kein Wunder also, dass der BVB als klarer Gewinner vom Platz ging. &#8220;Die Borussia hat verdient gewonnen. Schon vor dem Spiel habe ich gesagt, der Sieger der Partie zieht ins Finale ein. Ich w\u00fcnsche dem BVB viel Erfolg auf dem Weg&#8221;, sagte G\u00e4ste-Coach Lucescu anerkennend und gab den Schwarz-Gelben den n\u00e4chsten Rucksack mit auf den Weg Richung Wembley, wo am 25 Mai das Endspiel steigt.<\/p>\n<p>&#8220;Ich w\u00fcrde mich sehr freuen, wenn Herr Lucescu als Hellseher so gut ist wie als Trainer&#8221;, erwiderte Klopp und bem\u00fchte sich, auch dieses Lob rechtzeitig abzugr\u00e4tschen. &#8220;Wir haben unser Saisonziel erreicht und sind im Viertelfinale. An das Endspiel denken wir jetzt nicht.&#8221; F\u00fcr die Fans ist im \u00dcbrigen noch nicht einmal der n\u00e4chste Gegner der K.-o.-Runde spannend im Moment. Vier Tage vorm prestigetr\u00e4chtigen Bundesliga-Duell beim FC Schalke 04 verabschiedeten sie ihre Helden lieber mit diesem Auftrag in die Nacht: &#8220;Wir wollen den Derbysieg!&#8221;<\/p>\n","protected":false},"excerpt":{"rendered":"<p>Mit gro\u00dfer Leidenschaft und hoher Spielkultur st\u00fcrmt Borussia Dortmund zum ersten Mal seit 15 Jahren wieder ins Viertelfinale der Champions League &#8211; und erkl\u00e4rt einem unsichtbaren Gegner den Kampf.<\/p>\n","protected":false},"author":2,"featured_media":0,"comment_status":"open","ping_status":"open","sticky":false,"template":"","format":"standard","meta":{"ngg_post_thumbnail":0,"jetpack_post_was_ever_published":false,"_jetpack_newsletter_access":"","jetpack_publicize_message":"","jetpack_is_tweetstorm":false,"jetpack_publicize_feature_enabled":true,"jetpack_social_post_already_shared":true,"jetpack_social_options":{"image_generator_settings":{"template":"highway","enabled":false}}},"categories":[66,14],"tags":[16,248,33,96],"jetpack_publicize_connections":[],"jetpack_featured_media_url":"","jetpack_shortlink":"https:\/\/wp.me\/p2zHXD-c9","jetpack_sharing_enabled":true,"jetpack_likes_enabled":true,"_links":{"self":[{"href":"http:\/\/www.athletic-brandao.de\/index.php?rest_route=\/wp\/v2\/posts\/753"}],"collection":[{"href":"http:\/\/www.athletic-brandao.de\/index.php?rest_route=\/wp\/v2\/posts"}],"about":[{"href":"http:\/\/www.athletic-brandao.de\/index.php?rest_route=\/wp\/v2\/types\/post"}],"author":[{"embeddable":true,"href":"http:\/\/www.athletic-brandao.de\/index.php?rest_route=\/wp\/v2\/users\/2"}],"replies":[{"embeddable":true,"href":"http:\/\/www.athletic-brandao.de\/index.php?rest_route=%2Fwp%2Fv2%2Fcomments&post=753"}],"version-history":[{"count":12,"href":"http:\/\/www.athletic-brandao.de\/index.php?rest_route=\/wp\/v2\/posts\/753\/revisions"}],"predecessor-version":[{"id":772,"href":"http:\/\/www.athletic-brandao.de\/index.php?rest_route=\/wp\/v2\/posts\/753\/revisions\/772"}],"wp:attachment":[{"href":"http:\/\/www.athletic-brandao.de\/index.php?rest_route=%2Fwp%2Fv2%2Fmedia&parent=753"}],"wp:term":[{"taxonomy":"category","embeddable":true,"href":"http:\/\/www.athletic-brandao.de\/index.php?rest_route=%2Fwp%2Fv2%2Fcategories&post=753"},{"taxonomy":"post_tag","embeddable":true,"href":"http:\/\/www.athletic-brandao.de\/index.php?rest_route=%2Fwp%2Fv2%2Ftags&post=753"}],"curies":[{"name":"wp","href":"https:\/\/api.w.org\/{rel}","templated":true}]}}